{"id":95253,"date":"2022-11-15T14:55:19","date_gmt":"2022-11-15T17:55:19","guid":{"rendered":"https:\/\/primicias2262.com\/?p=95253"},"modified":"2022-11-15T14:55:19","modified_gmt":"2022-11-15T17:55:19","slug":"se-abre-la-posibilidad-de-que-facundo-lopez-sea-ministro-de-transporte","status":"publish","type":"post","link":"https:\/\/primicias2262.com\/noticias\/se-abre-la-posibilidad-de-que-facundo-lopez-sea-ministro-de-transporte\/","title":{"rendered":"\u00bfSe abre la posibilidad de que  Facundo L\u00f3pez sea ministro de Transporte?"},"content":{"rendered":"<p><strong>Un fuerte rumor publicado por un portal mendocino habla de que el actual ministro de Transporte de la Naci\u00f3n, Alexis Guerrera, renunciar\u00eda antes de fin de a\u00f1o al gabinete del presidente Alberto Fern\u00e1ndez. Ese lugar viene siendo ocupado desde diciembre de 2019 por gente vinculada pol\u00edticamente al ministro de Econom\u00eda, Sergio Massa. Entre las especulaciones -de confirmarse tal dimisi\u00f3n- habr\u00eda entrado a jugar la figura del ex jefe comunal local, el bioqu\u00edmico Facundo L\u00f3pez. <\/strong><\/p>\n<p><strong>Por Jorge G\u00f3mez<\/strong><\/p>\n<p>El ministro de Econom\u00eda, Sergio Massa, tiene que empezar a decidir, a la vuelta de su gira y participaci\u00f3n en el G20, qui\u00e9n ser\u00e1 el reemplazante del ministro de Transporte, Alexis Guerrera, quien ya le adelant\u00f3 que no quiere seguir en el cargo aduciendo motivos personales.<\/p>\n<p>\u00bfPor qu\u00e9 Massa, y no el presidente Alberto Fern\u00e1ndez, ser\u00e1 quien tome la decisi\u00f3n de reemplazar a Guerrera? Porque el jefe del Frente Renovador es el \u00abdue\u00f1o\u00bb de ese Ministerio, conseguido en el reparto original de 2019 cuando el Frente de Todos lleg\u00f3 al poder y esa cartera fue solicitada expresamente junto con YPF y otros lugares m\u00e1s por quien se incorporaba, al final de las negociaciones, como parte fundamental del peronismo kirchnerista.<\/p>\n<p>Guerrera era diputado provincial hasta que tuvo que reemplazar a Mario Meoni, quien muri\u00f3 fatalmente el a\u00f1o pasado en un accidente automovil\u00edstico cuando volv\u00eda a su ciudad, Jun\u00edn. Y su mandato concluye a fin del a\u00f1o que viene.<\/p>\n<p>Esa actividad es mucho m\u00e1s tranquila y est\u00e1 alejada del ruido cotidiano que le provoca conciliar los fort\u00edsimos intereses en pugna que existen en Transporte, algo que le sobrepasa al dirigente surgido de General Pinto, de la Quinta Secci\u00f3n Electoral (NdR: equ\u00edvoco, porque General Pinto integra la Cuarta Secci\u00f3n Electoral).<\/p>\n<p>\u00abS\u00ed, sabemos que se va, pero no cuando. Puede ser la semana pr\u00f3xima, a fin de a\u00f1o, pero ya tom\u00f3 la decisi\u00f3n\u00bb, le dijeron dos fuentes inobjetables a MDZ, y uno de ellos, inclusive, admiti\u00f3 que ya est\u00e1 en carpeta un funcionario que actualmente trabaja en el Ministerio de Transporte de origen santafesino.<\/p>\n<p>Ahora tambi\u00e9n hay versiones similares a las que se dieron cuando Jorge Ferraresi renunci\u00f3 en Vivienda y H\u00e1bitat y se especul\u00f3 con que esa cartera iba a ser fusionada con Obras P\u00fablicas e Infraestructura, a cargo de Gabriel Katopodis. Cerca del ministro, intendente en uso de licencia en General San Mart\u00edn, no saben nada del tema y descreen que Massa se desprenda o le conceda a su antiguo aliado semejante manejo. \u00abSer\u00eda una l\u00f3gica impensada, sorprendente\u00bb, sostienen.<\/p>\n<p>La posible salida de Guerrera se sumar\u00eda a las de Zabaleta, Ferraresi, y la anunciada de Juan Manzur, entre otras, m\u00e1s las del amigo de Alberto Fern\u00e1ndez, Carlos Moroni, de Trabajo y la ministra de Mujeres y G\u00e9nero, El\u00edzabeth G\u00f3mez Alcorta.<\/p>\n<p>Los ministros fueron reemplazados por personas directamente puestas por Fern\u00e1ndez, lo que provoc\u00f3 la ira de M\u00e1ximo Kirchner y su calificaci\u00f3n de \u00abaventurero\u00bb al presidente de la Naci\u00f3n.<\/p>\n<p>Oficialmente, y guardando todas las formas que dictan los usos y costumbres para este tipo de eventos, funcionarios de Transporte niegan la posibilidad de que Guerrera vuelva a su puesto de la legislatura bonaerense, como debe ser, ya que a las presiones sobre el ministro Massa, adem\u00e1s de las que ya tiene por el lugar que ocupa, se le sumar\u00e1 otra m\u00e1s y para nada menor. \u00abNo estamos para esas cosas tambi\u00e9n\u00bb, dijeron a MDZ.<\/p>\n","protected":false},"excerpt":{"rendered":"<p>Un fuerte rumor publicado por un portal mendocino habla de que el actual ministro de Transporte de la Naci\u00f3n, Alexis Guerrera, renunciar\u00eda antes de fin de a\u00f1o al gabinete del presidente Alberto Fern\u00e1ndez. Ese lugar viene siendo ocupado desde diciembre de 2019 por gente vinculada pol\u00edticamente al ministro de Econom\u00eda, Sergio Massa. Entre las especulaciones [&hellip;]<\/p>\n","protected":false},"author":3,"featured_media":95254,"comment_status":"closed","ping_status":"closed","sticky":false,"template":"","format":"standard","meta":{"footnotes":""},"categories":[3],"tags":[],"class_list":["post-95253","post","type-post","status-publish","format-standard","has-post-thumbnail","category-masnoticias"],"_links":{"self":[{"href":"https:\/\/primicias2262.com\/noticias\/wp-json\/wp\/v2\/posts\/95253","targetHints":{"allow":["GET"]}}],"collection":[{"href":"https:\/\/primicias2262.com\/noticias\/wp-json\/wp\/v2\/posts"}],"about":[{"href":"https:\/\/primicias2262.com\/noticias\/wp-json\/wp\/v2\/types\/post"}],"author":[{"embeddable":true,"href":"https:\/\/primicias2262.com\/noticias\/wp-json\/wp\/v2\/users\/3"}],"replies":[{"embeddable":true,"href":"https:\/\/primicias2262.com\/noticias\/wp-json\/wp\/v2\/comments?post=95253"}],"version-history":[{"count":0,"href":"https:\/\/primicias2262.com\/noticias\/wp-json\/wp\/v2\/posts\/95253\/revisions"}],"wp:attachment":[{"href":"https:\/\/primicias2262.com\/noticias\/wp-json\/wp\/v2\/media?parent=95253"}],"wp:term":[{"taxonomy":"category","embeddable":true,"href":"https:\/\/primicias2262.com\/noticias\/wp-json\/wp\/v2\/categories?post=95253"},{"taxonomy":"post_tag","embeddable":true,"href":"https:\/\/primicias2262.com\/noticias\/wp-json\/wp\/v2\/tags?post=95253"}],"curies":[{"name":"wp","href":"https:\/\/api.w.org\/{rel}","templated":true}]}}