{"id":95289,"date":"2022-11-16T18:30:31","date_gmt":"2022-11-16T21:30:31","guid":{"rendered":"https:\/\/primicias2262.com\/?p=95289"},"modified":"2022-11-16T18:30:31","modified_gmt":"2022-11-16T21:30:31","slug":"tratamiento-de-los-residuos-migueles-se-interiorizo-del-caso-de-la-dulce","status":"publish","type":"post","link":"https:\/\/primicias2262.com\/noticias\/tratamiento-de-los-residuos-migueles-se-interiorizo-del-caso-de-la-dulce\/","title":{"rendered":"Tratamiento de los residuos: Migueles se interioriz\u00f3 del caso de La Dulce"},"content":{"rendered":"<p>El precandidato a intendente por Juntos, Mart\u00edn Migueles, visit\u00f3 en el inicio de esta semana la localidad de La Dulce, donde aprovech\u00f3 la oportunidad para reunirse con el Grupo de defensa del medio ambiente, que est\u00e1 bregando por la planta de tratamiento de residuos.<br \/>\nEllos fueron quienes gestionaron los tres puntos limpios que se encuentran en la localidad, en convenio con la Municipalidad de San Cayetano.<\/p>\n<p>\u00abEstuvimos tratando el tema de los basurales con este grupo de mujeres comprometidas con el cuidado del medio ambiente, que quieren gestionar una planta de tratamiento para la localidad, que tambi\u00e9n abarque a la localidad de Juan N. Fern\u00e1ndez, Santamarina y Energ\u00eda. Es muy importante el trabajo que vienen realizando\u00bb, manifest\u00f3 Mart\u00edn Migueles.<br \/>\nTambi\u00e9n ampli\u00f3 sobre el tema de los puntos limpios, indicando que all\u00ed \u00abes donde hacen el reciclaje de la basura, clasificando las botellas por un lado, pl\u00e1stico por el otro y org\u00e1nicos por otro\u00bb.<\/p>\n<p>\u00abEsto ha generado una reducci\u00f3n de la basura domiciliaria, porque el reciclado lo hacen en su casa, y ha disminuido la cantidad de residuos en el basural y la que se lleva a Necochea, as\u00ed que hay que felicitarlos, porque tienen una conciencia muy importante y es lo que tenemos que tener nosotros en Necochea\u00bb, dijo el referente del frente Juntos en Necochea, en un contundente apoyo a esta iniciativa digna de ser imitada.<\/p>\n","protected":false},"excerpt":{"rendered":"<p>El precandidato a intendente por Juntos, Mart\u00edn Migueles, visit\u00f3 en el inicio de esta semana la localidad de La Dulce, donde aprovech\u00f3 la oportunidad para reunirse con el Grupo de defensa del medio ambiente, que est\u00e1 bregando por la planta de tratamiento de residuos. Ellos fueron quienes gestionaron los tres puntos limpios que se encuentran [&hellip;]<\/p>\n","protected":false},"author":3,"featured_media":95290,"comment_status":"closed","ping_status":"closed","sticky":false,"template":"","format":"standard","meta":{"footnotes":""},"categories":[3],"tags":[],"class_list":["post-95289","post","type-post","status-publish","format-standard","has-post-thumbnail","category-masnoticias"],"_links":{"self":[{"href":"https:\/\/primicias2262.com\/noticias\/wp-json\/wp\/v2\/posts\/95289","targetHints":{"allow":["GET"]}}],"collection":[{"href":"https:\/\/primicias2262.com\/noticias\/wp-json\/wp\/v2\/posts"}],"about":[{"href":"https:\/\/primicias2262.com\/noticias\/wp-json\/wp\/v2\/types\/post"}],"author":[{"embeddable":true,"href":"https:\/\/primicias2262.com\/noticias\/wp-json\/wp\/v2\/users\/3"}],"replies":[{"embeddable":true,"href":"https:\/\/primicias2262.com\/noticias\/wp-json\/wp\/v2\/comments?post=95289"}],"version-history":[{"count":0,"href":"https:\/\/primicias2262.com\/noticias\/wp-json\/wp\/v2\/posts\/95289\/revisions"}],"wp:attachment":[{"href":"https:\/\/primicias2262.com\/noticias\/wp-json\/wp\/v2\/media?parent=95289"}],"wp:term":[{"taxonomy":"category","embeddable":true,"href":"https:\/\/primicias2262.com\/noticias\/wp-json\/wp\/v2\/categories?post=95289"},{"taxonomy":"post_tag","embeddable":true,"href":"https:\/\/primicias2262.com\/noticias\/wp-json\/wp\/v2\/tags?post=95289"}],"curies":[{"name":"wp","href":"https:\/\/api.w.org\/{rel}","templated":true}]}}