{"id":95292,"date":"2022-11-16T18:35:18","date_gmt":"2022-11-16T21:35:18","guid":{"rendered":"https:\/\/primicias2262.com\/?p=95292"},"modified":"2022-11-16T18:35:18","modified_gmt":"2022-11-16T21:35:18","slug":"la-continuidad-del-centro-maternal-de-yipuy-corre-peligro-por-las-dificultades-economicas","status":"publish","type":"post","link":"https:\/\/primicias2262.com\/noticias\/la-continuidad-del-centro-maternal-de-yipuy-corre-peligro-por-las-dificultades-economicas\/","title":{"rendered":"La continuidad del centro maternal de Yipuy corre peligro por las dificultades econ\u00f3micas"},"content":{"rendered":"<p>Una de las integrantes de la comisi\u00f3n directiva de la Asociaci\u00f3n Yipuy, Mar\u00eda Canales, habl\u00f3 sobre la aguda situaci\u00f3n que se atraviesa en t\u00e9rminos econ\u00f3micos con el centro de Primera Infancia de la asociaci\u00f3n de Barrio Norte y asegur\u00f3 que dependen de alg\u00fan tipo de padrinazgo para garantizar esta actividad en 2023.<\/p>\n<p>En charla telef\u00f3nica con el periodista Jorge G\u00f3mez, Canales explic\u00f3 en \u201cVoces de la Ciudad\u201d que \u201cel servicio maternal de primera infancia de 0 a 3 a\u00f1os es la propuesta m\u00e1s costosa para la instituci\u00f3n porque requiere una atenci\u00f3n continua con mucho personal que tiene que estar regularmente. Son 15 chiquitos que atendemos y requiere de tres personas al cuidado\u201d.<\/p>\n<p>Ampli\u00f3 que \u201chemos apuntado siempre a la prevenci\u00f3n desde una propuesta educativa y para la promoci\u00f3n del desarrollo integral de los chiquitos. El a\u00f1o pasado nosotros firmamos un convenio de la Secretar\u00eda de Primera Infancia del Ministerio de Desarrollo Social de la Naci\u00f3n, y nos animamos a aumentar la cantidad de chicos y docentes, pero resulta que vino el primer pago el a\u00f1o pasado y este a\u00f1o nada\u201d.<\/p>\n<p>\u201cLos gastos son fijos y se cumplen con todos los requisitos, matafuegos, asistencia m\u00e9dica y dem\u00e1s que siempre hemos cumplido, pero se nos hace imposible\u201d, reconoci\u00f3 Canales, y se\u00f1al\u00f3 que \u201csiempre hemos tenido ayuda de la comunidad, pero en este momento inflacionario todos los valores quedan totalmente desfasados\u201d.<\/p>\n<p>Si bien la propuesta es educativa, Canales puso en contexto que \u201cnosotros no estamos reconocidos como un jard\u00edn de infantes y nunca lo hemos solicitado, sino que somos un centro de Primera Infancia supervisado por Desarrollo Social\u2026 la diferencia es que nos manejamos con otra flexibilidad horaria de acuerdo a situaciones de las madres y las familias y trabajamos mucho con el Juzgado de la Familia y Servicio Local de la Ni\u00f1ez\u201d.<\/p>\n<p>Rememor\u00f3 seguidamente que \u201cempezamos en 2004 sin sede propia, trabajando con una propuesta l\u00fadica en el comedor San Mart\u00edn y Barrio Sur hasta 2012\u2026 antes, en 2007 pudimos construir la casita en 37 y 76 dentro del Plan Federal, nos pudimos animar al maternal y con apoyo a las madres en centros de Salud con informaci\u00f3n y consulta, y desde 2012 ya hacemos una atenci\u00f3n mucho m\u00e1s directa con los chicos, hace ya 10 a\u00f1os\u201d.<\/p>\n<p>Finalmente, ante tama\u00f1a situaci\u00f3n Canales culmin\u00f3 esperanzada que \u201cveremos si tenemos alguna respuesta y alguien se hace eco de los reclamos y nos quieren apadrinar, pero es muy dif\u00edcil la situaci\u00f3n porque se requiere de mucho personal con continuidad, no es un servicio al que puede ir un voluntario un d\u00eda por semana como sucede con otras actividades de Yipuy\u2026 esto requiere otro tipo de atenci\u00f3n y tiene que tener un reconocimiento econ\u00f3mico la persona que va\u201d.<\/p>\n<p>A continuaci\u00f3n, compartimos la solicitada de la comisi\u00f3n directiva de la Asociaci\u00f3n Yipuy<\/p>\n<p>Nuestro Centro de Primera Infancia Maternal corre peligro.<\/p>\n<p>Ante las numerosas consultas que recibimos a diario sobre la inscripci\u00f3n a nuestro Maternal, queremos informar a la comunidad que debido a las grandes dificultades econ\u00f3micas que atraviesa nuestra instituci\u00f3n NO estaremos realizando inscripci\u00f3n este a\u00f1o, ya que de continuar esta situaci\u00f3n NO podremos abrir el a\u00f1o pr\u00f3ximo.<\/p>\n<p>Lamentamos much\u00edsimo tener que informar esta situaci\u00f3n porque conocemos la realidad y sabemos la necesidad de maternales que hay en nuestra ciudad.<\/p>\n<p>Con much\u00edsimo esfuerzo del personal que d\u00eda a d\u00eda acompa\u00f1an profesionalmente a nuestros ni\u00f1os y ni\u00f1as es que estamos terminando este 2022.<\/p>\n<p>Hemos gestionado durante todo este a\u00f1o soluciones pero tristemente no podemos encontrarlas.<\/p>\n<p>Ojal\u00e1 podamos hacerlo y as\u00ed comunicarles alguna fecha de inscripci\u00f3n.<\/p>\n","protected":false},"excerpt":{"rendered":"<p>Una de las integrantes de la comisi\u00f3n directiva de la Asociaci\u00f3n Yipuy, Mar\u00eda Canales, habl\u00f3 sobre la aguda situaci\u00f3n que se atraviesa en t\u00e9rminos econ\u00f3micos con el centro de Primera Infancia de la asociaci\u00f3n de Barrio Norte y asegur\u00f3 que dependen de alg\u00fan tipo de padrinazgo para garantizar esta actividad en 2023. En charla telef\u00f3nica [&hellip;]<\/p>\n","protected":false},"author":3,"featured_media":95293,"comment_status":"closed","ping_status":"closed","sticky":false,"template":"","format":"standard","meta":{"footnotes":""},"categories":[3],"tags":[],"class_list":["post-95292","post","type-post","status-publish","format-standard","has-post-thumbnail","category-masnoticias"],"_links":{"self":[{"href":"https:\/\/primicias2262.com\/noticias\/wp-json\/wp\/v2\/posts\/95292","targetHints":{"allow":["GET"]}}],"collection":[{"href":"https:\/\/primicias2262.com\/noticias\/wp-json\/wp\/v2\/posts"}],"about":[{"href":"https:\/\/primicias2262.com\/noticias\/wp-json\/wp\/v2\/types\/post"}],"author":[{"embeddable":true,"href":"https:\/\/primicias2262.com\/noticias\/wp-json\/wp\/v2\/users\/3"}],"replies":[{"embeddable":true,"href":"https:\/\/primicias2262.com\/noticias\/wp-json\/wp\/v2\/comments?post=95292"}],"version-history":[{"count":0,"href":"https:\/\/primicias2262.com\/noticias\/wp-json\/wp\/v2\/posts\/95292\/revisions"}],"wp:attachment":[{"href":"https:\/\/primicias2262.com\/noticias\/wp-json\/wp\/v2\/media?parent=95292"}],"wp:term":[{"taxonomy":"category","embeddable":true,"href":"https:\/\/primicias2262.com\/noticias\/wp-json\/wp\/v2\/categories?post=95292"},{"taxonomy":"post_tag","embeddable":true,"href":"https:\/\/primicias2262.com\/noticias\/wp-json\/wp\/v2\/tags?post=95292"}],"curies":[{"name":"wp","href":"https:\/\/api.w.org\/{rel}","templated":true}]}}