{"id":95295,"date":"2022-11-16T18:40:35","date_gmt":"2022-11-16T21:40:35","guid":{"rendered":"https:\/\/primicias2262.com\/?p=95295"},"modified":"2022-11-16T18:40:35","modified_gmt":"2022-11-16T21:40:35","slug":"control-del-transito-si-no-lo-haces-con-auxilio-de-la-policia-recibis-piedrazos-y-se-pone-aspero","status":"publish","type":"post","link":"https:\/\/primicias2262.com\/noticias\/control-del-transito-si-no-lo-haces-con-auxilio-de-la-policia-recibis-piedrazos-y-se-pone-aspero\/","title":{"rendered":"Control del tr\u00e1nsito: \u201cSi no lo hac\u00e9s con auxilio de la polic\u00eda recib\u00eds piedrazos y se pone \u00e1spero\u201d"},"content":{"rendered":"<p>Control del tr\u00e1nsito: \u201cSi no lo hac\u00e9s con auxilio de la polic\u00eda recib\u00eds piedrazos y se pone \u00e1spero\u201d<\/p>\n<p>As\u00ed lo expres\u00f3 el director de Tr\u00e1nsito del municipio, Carlos D\u00edaz, al graficar la falta de respeto generalizada en la sociedad a las normas establecidas y a los inspectores que procuran su cumplimiento.<\/p>\n<p>En los estudios de \u201cVoces de la Ciudad\u201d, el expolic\u00eda, m\u00e1s conocido como \u201cChulo D\u00edaz\u201d dialog\u00f3 con el periodista Jorge G\u00f3mez, a quien en primer t\u00e9rmino le revel\u00f3 que \u201choy tenemos un problema con 25 o 30 motos de noche, haciendo willis, cortes o picadas en la zona de la Av. 10, Av. 2 o Circunvalaci\u00f3n de Quequ\u00e9n\u2026 es una problem\u00e1tica complicada y una situaci\u00f3n social que es no solamente en Necochea, sino en otros lugares tambi\u00e9n\u201d.<\/p>\n<p>Fue all\u00ed cuando ampli\u00f3 que \u201ces algo que se tiene que abordar de distintos puntos y si no lo hac\u00e9s con el auxilio de la fuerza p\u00fablica y la polic\u00eda es inviable porque recib\u00eds piedrazos y se pone \u00e1spera la situaci\u00f3n. La gente est\u00e1 muy sensible y pareciera que nadie quiere ser controlado\u201d.<\/p>\n<p>Asimismo, se\u00f1al\u00f3 cuestiones b\u00e1sicas al subrayar que \u201cno se respeta mucho el derecho al paso, el de la derecha tiene el derecho al paso, pero el que llega el primero mete la punta del auto, y a la noche el tema de los sem\u00e1foros casi nadie lo respeta\u201d, de hecho, \u201chasta las motos de delivery son otro problema, porque si bien est\u00e1n bien habilitadas, el tema es la falta de respeto al sem\u00e1foro. Es verdad que cuanto m\u00e1s viajes, m\u00e1s ganancia para ellos, pero est\u00e1 en el medio la vida de los terceros ante un riesgo de choque. Es una cuesti\u00f3n de conducta y somos una sociedad que no nos apegamos a las normas\u201d.<\/p>\n<p>Es m\u00e1s, se\u00f1al\u00f3 que la educaci\u00f3n vial pasa por otro rango etario. \u201cEl tema de la educaci\u00f3n vial pasa por los m\u00e1s chicos\u2026 ya cuando despu\u00e9s uno es grande es otra cosa, es un problema social y de conducta bastante complicado\u201d, e insisti\u00f3 en que durante los operativos \u201csin el auxilio de la polic\u00eda entr\u00e1s en el roce y es una situaci\u00f3n complicada\u201d.<\/p>\n<p>D\u00edaz record\u00f3 que actualmente en los controles se exige el carnet de conducir, seguro y tarjeta verde, y adem\u00e1s inform\u00f3 que \u201chacemos controles de alcoholemia y varios dan positivo, algunos se niegan incluso y esos se los toma como positivo tambi\u00e9n, entonces se les hace el secuestro de la unidad y cobro de la multa para poder retirar el veh\u00edculo\u201d.<\/p>\n<p>Finalmente, D\u00edaz se refiri\u00f3 al personal de su \u00e1rea y la cantidad de respuestas que deben dar: \u201cActualmente tenemos motos, personal en camionetas y gente caminando tambi\u00e9n, y las situaciones son de complejidad, ten\u00e9s corte de calles, apoyo a las escuelas, eventos deportivos, obstrucci\u00f3n de garaje, es decir, mucha problem\u00e1tica y en todo intervenimos\u00bb.<\/p>\n<p>Agreg\u00f3 que \u00aben cada colisi\u00f3n est\u00e1 tr\u00e1nsito, si hay corte de calle tambi\u00e9n estamos, espect\u00e1culos sociales y culturales en la v\u00eda p\u00fablica, va Tr\u00e1nsito\u2026 o sea que es un trabajo diario, y ahora viene el control de la playa y durante el verano compartiremos una sede operativa con Seguridad de Playa y Guardavidas en el sector de la Secretar\u00eda de Turismo, en 2 y 87, donde tendremos una peque\u00f1a base para el personal que estar\u00e1 afectado al trabajo en la playa\u201d.<\/p>\n","protected":false},"excerpt":{"rendered":"<p>Control del tr\u00e1nsito: \u201cSi no lo hac\u00e9s con auxilio de la polic\u00eda recib\u00eds piedrazos y se pone \u00e1spero\u201d As\u00ed lo expres\u00f3 el director de Tr\u00e1nsito del municipio, Carlos D\u00edaz, al graficar la falta de respeto generalizada en la sociedad a las normas establecidas y a los inspectores que procuran su cumplimiento. En los estudios de [&hellip;]<\/p>\n","protected":false},"author":3,"featured_media":95296,"comment_status":"closed","ping_status":"closed","sticky":false,"template":"","format":"standard","meta":{"footnotes":""},"categories":[3],"tags":[],"class_list":["post-95295","post","type-post","status-publish","format-standard","has-post-thumbnail","category-masnoticias"],"_links":{"self":[{"href":"https:\/\/primicias2262.com\/noticias\/wp-json\/wp\/v2\/posts\/95295","targetHints":{"allow":["GET"]}}],"collection":[{"href":"https:\/\/primicias2262.com\/noticias\/wp-json\/wp\/v2\/posts"}],"about":[{"href":"https:\/\/primicias2262.com\/noticias\/wp-json\/wp\/v2\/types\/post"}],"author":[{"embeddable":true,"href":"https:\/\/primicias2262.com\/noticias\/wp-json\/wp\/v2\/users\/3"}],"replies":[{"embeddable":true,"href":"https:\/\/primicias2262.com\/noticias\/wp-json\/wp\/v2\/comments?post=95295"}],"version-history":[{"count":0,"href":"https:\/\/primicias2262.com\/noticias\/wp-json\/wp\/v2\/posts\/95295\/revisions"}],"wp:attachment":[{"href":"https:\/\/primicias2262.com\/noticias\/wp-json\/wp\/v2\/media?parent=95295"}],"wp:term":[{"taxonomy":"category","embeddable":true,"href":"https:\/\/primicias2262.com\/noticias\/wp-json\/wp\/v2\/categories?post=95295"},{"taxonomy":"post_tag","embeddable":true,"href":"https:\/\/primicias2262.com\/noticias\/wp-json\/wp\/v2\/tags?post=95295"}],"curies":[{"name":"wp","href":"https:\/\/api.w.org\/{rel}","templated":true}]}}