{"id":95310,"date":"2022-11-17T17:57:43","date_gmt":"2022-11-17T20:57:43","guid":{"rendered":"https:\/\/primicias2262.com\/?p=95310"},"modified":"2022-11-17T17:57:43","modified_gmt":"2022-11-17T20:57:43","slug":"la-corriente-nacional-de-la-militancia-ya-tiene-sede-en-necochea","status":"publish","type":"post","link":"https:\/\/primicias2262.com\/noticias\/la-corriente-nacional-de-la-militancia-ya-tiene-sede-en-necochea\/","title":{"rendered":"La Corriente Nacional de la Militancia ya tiene sede en Necochea"},"content":{"rendered":"<p>La Corriente Nacional de la Militancia inaugurar\u00e1 el pr\u00f3ximo s\u00e1bado, a las 11, la Unidad B\u00e1sica \u00abPresidente N\u00e9stor Kirchner\u00bb con un acto que tendr\u00e1 lugar en el local de 56 y 51 y en el que no faltar\u00e1n los choripanes y la m\u00fasica.<\/p>\n<p>El dirigente Roberto G\u00f3mez se\u00f1al\u00f3 que \u00abnosotros ven\u00edamos funcionando en 56 casi 59 desde hace ya un tiempo y por distintos temas, m\u00e1s que nada econ\u00f3micos con los due\u00f1os del local, nos tuvimos que ir de ah\u00ed\u00bb y agreg\u00f3 \u00abdespu\u00e9s de casi 4 meses encontramos algo m\u00e1s razonable en la zona c\u00e9ntrica\u00bb.<a href=\"https:\/\/primicias2262.com\/wp-content\/uploads\/2022\/11\/WhatsApp-Image-2022-11-14-at-12.48.58-PM.jpeg\"><img loading=\"lazy\" decoding=\"async\" class=\"alignright size-medium wp-image-95312\" src=\"https:\/\/primicias2262.com\/wp-content\/uploads\/2022\/11\/WhatsApp-Image-2022-11-14-at-12.48.58-PM-300x300.jpeg\" alt=\"\" width=\"300\" height=\"300\" \/><\/a><\/p>\n<p>M\u00e1s adelante, explic\u00f3 que \u00abvenimos desarrollando algunas actividades, pero no hemos hecho una presentaci\u00f3n p\u00fablica. Por eso para nosotros es muy importante lo de este s\u00e1bado y estamos invitando a los compa\u00f1eros, a los amigos y a los vecinos\u00bb.<\/p>\n<p>\u00abNo hace falta ser peronista para ir, si no tener alguna empat\u00eda, porque va a ser un lugar de servicios y un mont\u00f3n de temas que vamos a ir incorporando a la vida de los vecinos\u00bb remarc\u00f3 G\u00f3mez.<\/p>\n<p>Sostuvo que \u00abel local est\u00e1 en 56 y 51 y es muy lindo lugar y all\u00ed vamos a cumplir una funci\u00f3n social tambi\u00e9n como lo hacian antes las unidades b\u00e1sicas: cursos de capacitaci\u00f3n, charlas, apoyo a los vecinos y un ropero comunitario que ya estamos armando\u00bb.<\/p>\n<p>En ese sentido indic\u00f3 que \u00abhay gente que tiene problemas para acceder a la ropa, las zapatillas de los chicos para las escuelas, un guardapolvo, lo que sea. Vamos a tratar de dar, dentro de lo que nosotros podemos, respuesta a esos temas\u00bb.<\/p>\n<p>Finalmente, G\u00f3mez detall\u00f3 que \u00aba la B\u00e1sica le hemos puesto \u00abPresidente N\u00e9stor Kirchner y<br \/>\nvamos a hacer algunos murales con gente de la zona, con amigos que nos van a dar una mano. Pero, por ahora, lo que queremos es ponerlo en funcionamiento\u00bb<\/p>\n","protected":false},"excerpt":{"rendered":"<p>La Corriente Nacional de la Militancia inaugurar\u00e1 el pr\u00f3ximo s\u00e1bado, a las 11, la Unidad B\u00e1sica \u00abPresidente N\u00e9stor Kirchner\u00bb con un acto que tendr\u00e1 lugar en el local de 56 y 51 y en el que no faltar\u00e1n los choripanes y la m\u00fasica. El dirigente Roberto G\u00f3mez se\u00f1al\u00f3 que \u00abnosotros ven\u00edamos funcionando en 56 casi [&hellip;]<\/p>\n","protected":false},"author":3,"featured_media":95311,"comment_status":"closed","ping_status":"closed","sticky":false,"template":"","format":"standard","meta":{"footnotes":""},"categories":[3],"tags":[],"class_list":["post-95310","post","type-post","status-publish","format-standard","has-post-thumbnail","category-masnoticias"],"_links":{"self":[{"href":"https:\/\/primicias2262.com\/noticias\/wp-json\/wp\/v2\/posts\/95310","targetHints":{"allow":["GET"]}}],"collection":[{"href":"https:\/\/primicias2262.com\/noticias\/wp-json\/wp\/v2\/posts"}],"about":[{"href":"https:\/\/primicias2262.com\/noticias\/wp-json\/wp\/v2\/types\/post"}],"author":[{"embeddable":true,"href":"https:\/\/primicias2262.com\/noticias\/wp-json\/wp\/v2\/users\/3"}],"replies":[{"embeddable":true,"href":"https:\/\/primicias2262.com\/noticias\/wp-json\/wp\/v2\/comments?post=95310"}],"version-history":[{"count":0,"href":"https:\/\/primicias2262.com\/noticias\/wp-json\/wp\/v2\/posts\/95310\/revisions"}],"wp:attachment":[{"href":"https:\/\/primicias2262.com\/noticias\/wp-json\/wp\/v2\/media?parent=95310"}],"wp:term":[{"taxonomy":"category","embeddable":true,"href":"https:\/\/primicias2262.com\/noticias\/wp-json\/wp\/v2\/categories?post=95310"},{"taxonomy":"post_tag","embeddable":true,"href":"https:\/\/primicias2262.com\/noticias\/wp-json\/wp\/v2\/tags?post=95310"}],"curies":[{"name":"wp","href":"https:\/\/api.w.org\/{rel}","templated":true}]}}