{"id":95314,"date":"2022-11-17T20:36:20","date_gmt":"2022-11-17T23:36:20","guid":{"rendered":"https:\/\/primicias2262.com\/?p=95314"},"modified":"2022-11-17T20:36:20","modified_gmt":"2022-11-17T23:36:20","slug":"una-vez-que-tengamos-la-personeria-vamos-a-trabajar-a-pleno-por-el-hospital-irurzun","status":"publish","type":"post","link":"https:\/\/primicias2262.com\/noticias\/una-vez-que-tengamos-la-personeria-vamos-a-trabajar-a-pleno-por-el-hospital-irurzun\/","title":{"rendered":"\u201cUna vez que tengamos la personer\u00eda vamos a trabajar a pleno por el Hospital Irurzun\u201d"},"content":{"rendered":"<p>As\u00ed lo afirm\u00f3 Pascual Corapi, integrante hist\u00f3rico de la C\u00e1mara Comercial local y oriundo de Quequ\u00e9n, quien se\u00f1al\u00f3 que est\u00e1n muy avanzadas las gestiones para -de una vez- poder formar la Asociaci\u00f3n Cooperadora del Hospital de Quequ\u00e9n.<\/p>\n<p>En nota telef\u00f3nica realizada por el periodista Jorge G\u00f3mez en \u201cVoces de la Ciudad\u201d, Corapi cont\u00f3 que \u201chace rato que venimos trabajando con el Hospital Irurzun de Quequ\u00e9n, ayud\u00e1ndolos en varias oportunidades y venimos viendo el tema de la personer\u00eda jur\u00eddica, que por una cosa o por otra no la mandaban, pero la comisi\u00f3n ya est\u00e1 formada y lo vamos a lograr\u201d.<\/p>\n<p>Esgrimi\u00f3 el comerciante que \u201ccomo cooperadora no la pod\u00edan aceptar porque las anteriores gestiones quedaron debiendo muchas cosas\u201d, de hecho \u201cla \u00faltima que estuvo hizo socios pero se quedaron con todo, as\u00ed que ya tenemos formado un grupo de comerciantes y gente de Quequ\u00e9n y logramos que nos den el nombre del Hospital Irurzun, y creo que en pocos d\u00edas m\u00e1s tiene que estar llegando la personer\u00eda jur\u00eddica porque se corrigi\u00f3 todo lo que nos ped\u00edan\u201d.<\/p>\n<p>En ese aspecto, afirm\u00f3 que \u201cuna vez que tengamos la personer\u00eda vamos a trabajar a pleno por el Hospital Irurzun de Quequ\u00e9n, somos todos quequenenses, y si bien algunos viven en Necochea, somos todos de Quequ\u00e9n, nacidos en el Hospital Irurzun\u201d, y anhel\u00f3 que \u201cqueremos luchar por tener algo muy similar a la cooperadora del Hospital Ferreyra porque somos gente que queremos al hospital y vamos a trabajar para eso\u201d.<\/p>\n<p>Finalmente, Corapi enfatiz\u00f3 que \u201cno queremos hacer nada ni agarrar un solo peso hasta que no tengamos la personer\u00eda jur\u00eddica y est\u00e9 todo clarito como el agua. Cuando tengamos eso nos pondremos a trabajar en actividades y por el sondeo que hemos hecho, la gente de Quequ\u00e9n y las empresas est\u00e1n muy dispuestas a colaborar por el Hospital Irurzun, siempre y cuando las cosas sean claritas. Lo principal es que vamos a trabajar porque queremos al hospital\u201d.<\/p>\n","protected":false},"excerpt":{"rendered":"<p>As\u00ed lo afirm\u00f3 Pascual Corapi, integrante hist\u00f3rico de la C\u00e1mara Comercial local y oriundo de Quequ\u00e9n, quien se\u00f1al\u00f3 que est\u00e1n muy avanzadas las gestiones para -de una vez- poder formar la Asociaci\u00f3n Cooperadora del Hospital de Quequ\u00e9n. En nota telef\u00f3nica realizada por el periodista Jorge G\u00f3mez en \u201cVoces de la Ciudad\u201d, Corapi cont\u00f3 que \u201chace [&hellip;]<\/p>\n","protected":false},"author":3,"featured_media":95315,"comment_status":"closed","ping_status":"closed","sticky":false,"template":"","format":"standard","meta":{"footnotes":""},"categories":[3],"tags":[],"class_list":["post-95314","post","type-post","status-publish","format-standard","has-post-thumbnail","category-masnoticias"],"_links":{"self":[{"href":"https:\/\/primicias2262.com\/noticias\/wp-json\/wp\/v2\/posts\/95314","targetHints":{"allow":["GET"]}}],"collection":[{"href":"https:\/\/primicias2262.com\/noticias\/wp-json\/wp\/v2\/posts"}],"about":[{"href":"https:\/\/primicias2262.com\/noticias\/wp-json\/wp\/v2\/types\/post"}],"author":[{"embeddable":true,"href":"https:\/\/primicias2262.com\/noticias\/wp-json\/wp\/v2\/users\/3"}],"replies":[{"embeddable":true,"href":"https:\/\/primicias2262.com\/noticias\/wp-json\/wp\/v2\/comments?post=95314"}],"version-history":[{"count":0,"href":"https:\/\/primicias2262.com\/noticias\/wp-json\/wp\/v2\/posts\/95314\/revisions"}],"wp:attachment":[{"href":"https:\/\/primicias2262.com\/noticias\/wp-json\/wp\/v2\/media?parent=95314"}],"wp:term":[{"taxonomy":"category","embeddable":true,"href":"https:\/\/primicias2262.com\/noticias\/wp-json\/wp\/v2\/categories?post=95314"},{"taxonomy":"post_tag","embeddable":true,"href":"https:\/\/primicias2262.com\/noticias\/wp-json\/wp\/v2\/tags?post=95314"}],"curies":[{"name":"wp","href":"https:\/\/api.w.org\/{rel}","templated":true}]}}