{"id":95317,"date":"2022-11-17T20:51:30","date_gmt":"2022-11-17T23:51:30","guid":{"rendered":"https:\/\/primicias2262.com\/?p=95317"},"modified":"2022-11-17T20:51:30","modified_gmt":"2022-11-17T23:51:30","slug":"el-personal-de-bomberos-viene-realizando-actividades-de-capacitacion","status":"publish","type":"post","link":"https:\/\/primicias2262.com\/noticias\/el-personal-de-bomberos-viene-realizando-actividades-de-capacitacion\/","title":{"rendered":"El personal de Bomberos viene realizando actividades de capacitaci\u00f3n"},"content":{"rendered":"<p><strong>El jefe de Bomberos de Necochea, Adri\u00e1n Hern\u00e1ndez, estuvo en el estudio de \u201cVoces de la Ciudad\u201d, donde inform\u00f3 de todas las actividades de capacitaci\u00f3n que realiza el personal<\/strong><\/p>\n<p>\u201cEl curso de operador de hidroelevador es con la idea de prepararnos para cualquier contingencia que pueda haber en edificios, planta de silos o antenas\u201d, se\u00f1al\u00f3 el funcionario, y a\u00f1adi\u00f3 que \u201cel hidroelevador es una herramienta que est\u00e1 en Necochea y que sirve para trabajar en casos de incendios de altura, tiene un largo de 52 metros\u201d.<\/p>\n<p>Seguidamente, resalt\u00f3 que \u201ces un curso para preparar a los bomberos de la ciudad, para que lo puedan maniobrar y conducir, pero participan efectivos de los cuarteles de Necochea, Quequ\u00e9n y Juan N. Fern\u00e1ndez, y hemos invitado para que participen como veedores o a la hora de coordinar tareas, Defensa Civil, Cruz Roja, SAME y Tr\u00e1nsito\u201d.<\/p>\n<p>Al principio \u201cse dio una parte te\u00f3rica de c\u00f3mo trabajar un incendio en edificio, y coordinamos un protocolo de intervenci\u00f3n con las dem\u00e1s instituciones para trabajar coordinadamente en evacuaci\u00f3n y atenci\u00f3n a las v\u00edctimas en caso de que hay un incendio en altura\u201d, describi\u00f3, mientras que \u201ctambi\u00e9n hubo una parte pr\u00e1ctica que se desarroll\u00f3 en el Complejo Casino\u201d.<\/p>\n<p>En cuanto a la continuidad de la capacitaci\u00f3n, inform\u00f3 Hern\u00e1ndez que \u201ceste mi\u00e9rcoles se har\u00e1 directamente una pr\u00e1ctica en un edificio en 2 entre 81 y 83 con la presencia de dos instructores de la Direcci\u00f3n de Riesgos Especiales de La Plata, que nos explicar\u00e1n m\u00e9todos seguros para subir con cuerdas y c\u00f3mo trasladar una v\u00edctima desde el edificio hacia el hidroelevador, lo cua ser\u00e1 a partir de las 8 de la ma\u00f1ana\u201d.<\/p>\n<p>Asimismo, \u201cse practic\u00f3 sobre c\u00f3mo tirar agua con el hidro y el viernes la pr\u00e1ctica ser\u00e1 en una calle de la ciudad entre edificios para saber c\u00f3mo maniobrar el hidro\u201d, sintetiz\u00f3 finalmente el Jefe del Cuartel de Bomberos de Necochea, quien tambi\u00e9n puso \u00e9nfasis a la hora de hablar de precauci\u00f3n contra incendios de acuerdo a las altas temperaturas que se vienen.<\/p>\n<p>\u201cLa mayor\u00eda de los incendios son por negligencia humana, el que tira el cigarrillo o el que hace el asadito en lugares prohibidos\u201d, ejemplific\u00f3, para concluir que \u201cse est\u00e1 trabajando fuertemente en conjunto para generar conciencia en la gente\u201d, puntualiz\u00f3<\/p>\n","protected":false},"excerpt":{"rendered":"<p>El jefe de Bomberos de Necochea, Adri\u00e1n Hern\u00e1ndez, estuvo en el estudio de \u201cVoces de la Ciudad\u201d, donde inform\u00f3 de todas las actividades de capacitaci\u00f3n que realiza el personal \u201cEl curso de operador de hidroelevador es con la idea de prepararnos para cualquier contingencia que pueda haber en edificios, planta de silos o antenas\u201d, se\u00f1al\u00f3 [&hellip;]<\/p>\n","protected":false},"author":3,"featured_media":95318,"comment_status":"closed","ping_status":"closed","sticky":false,"template":"","format":"standard","meta":{"footnotes":""},"categories":[3],"tags":[],"class_list":["post-95317","post","type-post","status-publish","format-standard","has-post-thumbnail","category-masnoticias"],"_links":{"self":[{"href":"https:\/\/primicias2262.com\/noticias\/wp-json\/wp\/v2\/posts\/95317","targetHints":{"allow":["GET"]}}],"collection":[{"href":"https:\/\/primicias2262.com\/noticias\/wp-json\/wp\/v2\/posts"}],"about":[{"href":"https:\/\/primicias2262.com\/noticias\/wp-json\/wp\/v2\/types\/post"}],"author":[{"embeddable":true,"href":"https:\/\/primicias2262.com\/noticias\/wp-json\/wp\/v2\/users\/3"}],"replies":[{"embeddable":true,"href":"https:\/\/primicias2262.com\/noticias\/wp-json\/wp\/v2\/comments?post=95317"}],"version-history":[{"count":0,"href":"https:\/\/primicias2262.com\/noticias\/wp-json\/wp\/v2\/posts\/95317\/revisions"}],"wp:attachment":[{"href":"https:\/\/primicias2262.com\/noticias\/wp-json\/wp\/v2\/media?parent=95317"}],"wp:term":[{"taxonomy":"category","embeddable":true,"href":"https:\/\/primicias2262.com\/noticias\/wp-json\/wp\/v2\/categories?post=95317"},{"taxonomy":"post_tag","embeddable":true,"href":"https:\/\/primicias2262.com\/noticias\/wp-json\/wp\/v2\/tags?post=95317"}],"curies":[{"name":"wp","href":"https:\/\/api.w.org\/{rel}","templated":true}]}}