{"id":95323,"date":"2022-11-17T21:01:57","date_gmt":"2022-11-18T00:01:57","guid":{"rendered":"https:\/\/primicias2262.com\/?p=95323"},"modified":"2022-11-17T21:01:57","modified_gmt":"2022-11-18T00:01:57","slug":"remodelaran-el-monumento-a-malvinas-de-av-59-y-56-para-generar-un-espacio-moderno","status":"publish","type":"post","link":"https:\/\/primicias2262.com\/noticias\/remodelaran-el-monumento-a-malvinas-de-av-59-y-56-para-generar-un-espacio-moderno\/","title":{"rendered":"Remodelar\u00e1n el monumento a Malvinas de Av. 59 y 56 para generar un espacio moderno"},"content":{"rendered":"<p>Con el intendente Arturo Rojas encabezando el momento, quien adem\u00e1s fue parte fundamental de la idea, se present\u00f3 esta ma\u00f1ana el proyecto de remodelaci\u00f3n del bulevar donde est\u00e1 emplazado el monumento a los Ca\u00eddos en Malvinas, situado en Avenida 59 esquina 56, sobre una de las m\u00e1rgenes de la Plaza Dardo Rocha.<\/p>\n<p>El c\u00f3nclave tuvo lugar en el Sal\u00f3n de Actos, con la presencia, adem\u00e1s del jefe comunal, del artista Hern\u00e1n Ricaldoni, ide\u00f3logo del proyecto una vez presentada la idea del Ejecutivo, de una comitiva del Centro de Veteranos de Guerra, con su presidente Alejandro Lombardi a la cabeza, del secretario de Obras P\u00fablicas, Adri\u00e1n Furno y el director de H\u00e1bitat y Vivienda, Lisandro Dones.<\/p>\n<p>Culminada la presentaci\u00f3n, el mencionado Dones explic\u00f3 que \u201ces un d\u00eda emotivo en el que estamos dando comienzo a un proyecto cuya iniciativa fue del Intendente y del secretario de Obras P\u00fablicas Furno, y tambi\u00e9n con la participaci\u00f3n de Hern\u00e1n (Ricaldoni) y de los veteranos, quienes fueron d\u00e1ndonos su opini\u00f3n y con quienes intercambiamos ideas\u201d.<\/p>\n<p>Luego, admiti\u00f3 que \u201cla idea es hacer las veredas nuevas, bancos, iluminaci\u00f3n LED, y seg\u00fan lo que nos dijo Hern\u00e1n va a haber una especie de recorrido de agua donde se va a poder interactuar y para que los ni\u00f1os jueguen con barquitos de papel\u201d.<\/p>\n<div class=\"elementor elementor-47918 dce-elementor-post-76162 elementor-location-single post-76162 post type-post status-publish format-standard has-post-thumbnail hentry category-obras category-prensa tag-bulevard tag-caidos tag-dones tag-furno tag-guerra tag-habitat tag-intendente tag-lombardi tag-proyecto tag-remodelacion tag-rojas\" data-elementor-type=\"single\" data-elementor-id=\"47918\" data-post-id=\"76162\" data-obj-id=\"76162\">\n<div class=\"elementor-section-wrap\">\n<section class=\"elementor-section elementor-top-section elementor-element elementor-element-2fa324cd elementor-section-boxed elementor-section-height-default elementor-section-height-default\" data-id=\"2fa324cd\" data-element_type=\"section\">\n<div class=\"elementor-container elementor-column-gap-default\">\n<div class=\"elementor-row\">\n<div class=\"elementor-column elementor-col-100 elementor-top-column elementor-element elementor-element-3799173d\" data-id=\"3799173d\" data-element_type=\"column\">\n<div class=\"elementor-column-wrap elementor-element-populated\">\n<div class=\"elementor-widget-wrap\">\n<div class=\"elementor-element elementor-element-4e81b259 elementor-widget elementor-widget-theme-post-content\" data-id=\"4e81b259\" data-element_type=\"widget\" data-widget_type=\"theme-post-content.default\">\n<div class=\"elementor-widget-container\">\n<div class=\"wp-block-media-text is-stacked-on-mobile\">\n<div class=\"wp-block-media-text__content\">\n<p>En definitiva, se\u00f1al\u00f3 el funcionario, \u201ces invitar al vecino ya no a una plaza donde se contemplen armas o tanques, sino a un espacio que invite m\u00e1s a la historia y a la reflexi\u00f3n\u201d.<\/p>\n<p>A su turno, el artista Ricaldoni agreg\u00f3 que \u201cesto apunta a la identidad cultural de nuestra ciudad, donde el egocentrismo del artista queda de lado para tener un peso social y generar emoci\u00f3n y conciencia de lo que es nuestro por derecho como es el caso de las Islas Malvinas\u201d.<\/p>\n<p>\u201cLa idea es hacer un espacio que se pueda recorrer y donde se pueda sentar a reflexionar, que sea interactivo y apunte a la juventud\u201d cerr\u00f3 en el mismo tono que Dones.<\/p>\n<\/div>\n<\/div>\n<p>Por \u00faltimo, Lombardi se mostr\u00f3 feliz al reflexionar que \u201cpara nosotros, todo lo que sea Malvinas y todo lo que ayude a concientizar con la causa es muy emocionante, y este proyecto nos parece una cosa muy linda y que va a ser muy \u00fatil para los chicos en un futuro\u201d.<\/p>\n<\/div>\n<\/div>\n<\/div>\n<\/div>\n<\/div>\n<\/div>\n<\/div>\n<\/section>\n<\/div>\n<\/div>\n","protected":false},"excerpt":{"rendered":"<p>Con el intendente Arturo Rojas encabezando el momento, quien adem\u00e1s fue parte fundamental de la idea, se present\u00f3 esta ma\u00f1ana el proyecto de remodelaci\u00f3n del bulevar donde est\u00e1 emplazado el monumento a los Ca\u00eddos en Malvinas, situado en Avenida 59 esquina 56, sobre una de las m\u00e1rgenes de la Plaza Dardo Rocha. El c\u00f3nclave tuvo [&hellip;]<\/p>\n","protected":false},"author":3,"featured_media":95324,"comment_status":"closed","ping_status":"closed","sticky":false,"template":"","format":"standard","meta":{"footnotes":""},"categories":[3],"tags":[],"class_list":["post-95323","post","type-post","status-publish","format-standard","has-post-thumbnail","category-masnoticias"],"_links":{"self":[{"href":"https:\/\/primicias2262.com\/noticias\/wp-json\/wp\/v2\/posts\/95323","targetHints":{"allow":["GET"]}}],"collection":[{"href":"https:\/\/primicias2262.com\/noticias\/wp-json\/wp\/v2\/posts"}],"about":[{"href":"https:\/\/primicias2262.com\/noticias\/wp-json\/wp\/v2\/types\/post"}],"author":[{"embeddable":true,"href":"https:\/\/primicias2262.com\/noticias\/wp-json\/wp\/v2\/users\/3"}],"replies":[{"embeddable":true,"href":"https:\/\/primicias2262.com\/noticias\/wp-json\/wp\/v2\/comments?post=95323"}],"version-history":[{"count":0,"href":"https:\/\/primicias2262.com\/noticias\/wp-json\/wp\/v2\/posts\/95323\/revisions"}],"wp:attachment":[{"href":"https:\/\/primicias2262.com\/noticias\/wp-json\/wp\/v2\/media?parent=95323"}],"wp:term":[{"taxonomy":"category","embeddable":true,"href":"https:\/\/primicias2262.com\/noticias\/wp-json\/wp\/v2\/categories?post=95323"},{"taxonomy":"post_tag","embeddable":true,"href":"https:\/\/primicias2262.com\/noticias\/wp-json\/wp\/v2\/tags?post=95323"}],"curies":[{"name":"wp","href":"https:\/\/api.w.org\/{rel}","templated":true}]}}