{"id":95339,"date":"2022-11-18T17:11:21","date_gmt":"2022-11-18T20:11:21","guid":{"rendered":"https:\/\/primicias2262.com\/?p=95339"},"modified":"2022-11-18T17:11:21","modified_gmt":"2022-11-18T20:11:21","slug":"cambiaron-el-arbitro-para-la-primera-final-del-futbol-local","status":"publish","type":"post","link":"https:\/\/primicias2262.com\/noticias\/cambiaron-el-arbitro-para-la-primera-final-del-futbol-local\/","title":{"rendered":"Cambiaron el \u00e1rbitro para la primera final del f\u00fatbol local"},"content":{"rendered":"<p>La Liga Necochea de F\u00fatbol dispuso anular la designaci\u00f3n de Jorge Ezequiel Ostiza como \u00e1rbitro de la primera final de primera divisi\u00f3n, que ser\u00e1 protagonizada el pr\u00f3ximo domingo por Sportivo e Independiente de San Cayetano en el \u00abFelipe Serafini\u00bb.<\/p>\n<p>La decisi\u00f3n fue tomada luego de que el ente rector del f\u00fatbol local recibiera una nota de la jefa de la Estaci\u00f3n de la Polic\u00eda Comunal del vecino medio, en la que solicit\u00f3 colaboraci\u00f3n en el marco de una causa que se tramita ante el Juzgado de Paz de San Cayetano.<\/p>\n<p>De este modo, el primer encuentro decisivo ser\u00e1 dirigido por una terna arbitral de Tandil, seg\u00fan se inform\u00f3.<\/p>\n","protected":false},"excerpt":{"rendered":"<p>La Liga Necochea de F\u00fatbol dispuso anular la designaci\u00f3n de Jorge Ezequiel Ostiza como \u00e1rbitro de la primera final de primera divisi\u00f3n, que ser\u00e1 protagonizada el pr\u00f3ximo domingo por Sportivo e Independiente de San Cayetano en el \u00abFelipe Serafini\u00bb. La decisi\u00f3n fue tomada luego de que el ente rector del f\u00fatbol local recibiera una nota [&hellip;]<\/p>\n","protected":false},"author":3,"featured_media":95340,"comment_status":"closed","ping_status":"closed","sticky":false,"template":"","format":"standard","meta":{"footnotes":""},"categories":[3],"tags":[],"class_list":["post-95339","post","type-post","status-publish","format-standard","has-post-thumbnail","category-masnoticias"],"_links":{"self":[{"href":"https:\/\/primicias2262.com\/noticias\/wp-json\/wp\/v2\/posts\/95339","targetHints":{"allow":["GET"]}}],"collection":[{"href":"https:\/\/primicias2262.com\/noticias\/wp-json\/wp\/v2\/posts"}],"about":[{"href":"https:\/\/primicias2262.com\/noticias\/wp-json\/wp\/v2\/types\/post"}],"author":[{"embeddable":true,"href":"https:\/\/primicias2262.com\/noticias\/wp-json\/wp\/v2\/users\/3"}],"replies":[{"embeddable":true,"href":"https:\/\/primicias2262.com\/noticias\/wp-json\/wp\/v2\/comments?post=95339"}],"version-history":[{"count":0,"href":"https:\/\/primicias2262.com\/noticias\/wp-json\/wp\/v2\/posts\/95339\/revisions"}],"wp:attachment":[{"href":"https:\/\/primicias2262.com\/noticias\/wp-json\/wp\/v2\/media?parent=95339"}],"wp:term":[{"taxonomy":"category","embeddable":true,"href":"https:\/\/primicias2262.com\/noticias\/wp-json\/wp\/v2\/categories?post=95339"},{"taxonomy":"post_tag","embeddable":true,"href":"https:\/\/primicias2262.com\/noticias\/wp-json\/wp\/v2\/tags?post=95339"}],"curies":[{"name":"wp","href":"https:\/\/api.w.org\/{rel}","templated":true}]}}