{"id":95342,"date":"2022-11-18T17:17:04","date_gmt":"2022-11-18T20:17:04","guid":{"rendered":"https:\/\/primicias2262.com\/?p=95342"},"modified":"2022-11-18T17:17:04","modified_gmt":"2022-11-18T20:17:04","slug":"dos-medicos-jovenes-refuerzan-los-servicios-de-oncologia-y-ginecologia","status":"publish","type":"post","link":"https:\/\/primicias2262.com\/noticias\/dos-medicos-jovenes-refuerzan-los-servicios-de-oncologia-y-ginecologia\/","title":{"rendered":"Dos m\u00e9dicos j\u00f3venes refuerzan los servicios de Oncolog\u00eda y Ginecolog\u00eda"},"content":{"rendered":"<p>La secretaria de Salud, Andrea Perestiuk, present\u00f3 oficialmente este jueves a dos nuevos m\u00e9dicos que cumplen funciones desde hace algunas semanas en el Hospital Municipal Dr. Emilio Ferreyra, tanto en el servicio de Oncolog\u00eda como en el de Ginecolog\u00eda.<\/p>\n<p>Junto a los j\u00f3venes profesionales, provenientes del sistema de salud de Mar del Plata, la funcionaria asever\u00f3 en el nosocomio que \u201cson dos m\u00e9dicos j\u00f3venes, con una capacidad de trabajo y un manejo de la situaci\u00f3n muy importante\u201d para acotar que \u201cesto se logr\u00f3 gracias a la Direcci\u00f3n que fue la que los convoc\u00f3 a trabajar y los convenci\u00f3 con la propuesta\u201d.<\/p>\n<div class=\"wp-block-media-text is-stacked-on-mobile\">\n<div class=\"wp-block-media-text__content\">\n<p>\u201cEste nuevo personal se suma a otras incorporaciones que ya venimos haciendo en los \u00faltimos meses, porque adem\u00e1s tenemos ochos m\u00e9dicos nuevos en la guardia, tambi\u00e9n con capacidad y bien formados, lo que nos permite tener la cobertura completa, con tres profesionales por guardia todos los d\u00edas, lo que nos da la posibilidad de hacer la asistencia de la emergencia prehospitalaria\u201d destac\u00f3 la funcionaria.<\/p>\n<p>Y cerr\u00f3: \u201cLa demanda est\u00e1 cubierta y la realidad es que venimos trabajando fuertemente en una pol\u00edtica de recursos humanos, y prueba de ello es que logramos estabilizar algunas otras situaciones como en la cl\u00ednica m\u00e9dica, por ejemplo, donde le sumamos otro recurso al sector, pero claro que no nos quedamos y seguimos convocando profesionales\u201d.<\/p>\n<p>Posteriormente, la directora Asociada, Fernanda Men\u00e9ndez, subray\u00f3 brevemente que \u201ccon la directora Vilma Parodi trabajamos todos los d\u00edas para incorporar gente formada para que se sume a todo el equipo m\u00e9dico, para que todos lo servicios cuenten con los profesionales que se requieran\u201d.<\/p>\n<\/div>\n<\/div>\n<p>A la hora de su presentaci\u00f3n, el Dr. Juan Descalzo, onc\u00f3logo proveniente del sector privado en Mar del Plata y nacido en Santa Fe, explic\u00f3 que \u201cvengo, en principio, todos lo viernes desde hace cuatro meses\u201d al tiempo que admiti\u00f3 para cerrar que \u201cnunca hab\u00eda trabajado en el sector p\u00fablico y veo un muy buen servicio de Oncolog\u00eda en este hospital, con una campana de flujo laminar para preparar medicaci\u00f3n que no todos los privados la tienen y que ac\u00e1 est\u00e1\u201d.<\/p>\n<p>Luego, la Dra. Milen Chist\u00e9, que tambi\u00e9n viene en principio los viernes para reforzar el servicio de Ginecolog\u00eda, dio sus sensaciones, momento en el que se\u00f1al\u00f3 que \u201ctambi\u00e9n vengo del privado, y termin\u00e9 la residencia hace poco\u201d para poner de relieve que \u201cuno siempre piensa en el paciente, y en ese aspecto mi objetivo es que se sienta lo m\u00e1s c\u00f3modo y acompa\u00f1ado posible\u201d.<\/p>\n<p>\u201cEn este hospital hay un equipo de enfermeros y anestesi\u00f3logos que a una la hacen sentir segura\u201d cerr\u00f3 la profesional oriunda de la ciudad de Lober\u00eda.<\/p>\n","protected":false},"excerpt":{"rendered":"<p>La secretaria de Salud, Andrea Perestiuk, present\u00f3 oficialmente este jueves a dos nuevos m\u00e9dicos que cumplen funciones desde hace algunas semanas en el Hospital Municipal Dr. Emilio Ferreyra, tanto en el servicio de Oncolog\u00eda como en el de Ginecolog\u00eda. Junto a los j\u00f3venes profesionales, provenientes del sistema de salud de Mar del Plata, la funcionaria [&hellip;]<\/p>\n","protected":false},"author":3,"featured_media":95343,"comment_status":"closed","ping_status":"closed","sticky":false,"template":"","format":"standard","meta":{"footnotes":""},"categories":[3],"tags":[],"class_list":["post-95342","post","type-post","status-publish","format-standard","has-post-thumbnail","category-masnoticias"],"_links":{"self":[{"href":"https:\/\/primicias2262.com\/noticias\/wp-json\/wp\/v2\/posts\/95342","targetHints":{"allow":["GET"]}}],"collection":[{"href":"https:\/\/primicias2262.com\/noticias\/wp-json\/wp\/v2\/posts"}],"about":[{"href":"https:\/\/primicias2262.com\/noticias\/wp-json\/wp\/v2\/types\/post"}],"author":[{"embeddable":true,"href":"https:\/\/primicias2262.com\/noticias\/wp-json\/wp\/v2\/users\/3"}],"replies":[{"embeddable":true,"href":"https:\/\/primicias2262.com\/noticias\/wp-json\/wp\/v2\/comments?post=95342"}],"version-history":[{"count":0,"href":"https:\/\/primicias2262.com\/noticias\/wp-json\/wp\/v2\/posts\/95342\/revisions"}],"wp:attachment":[{"href":"https:\/\/primicias2262.com\/noticias\/wp-json\/wp\/v2\/media?parent=95342"}],"wp:term":[{"taxonomy":"category","embeddable":true,"href":"https:\/\/primicias2262.com\/noticias\/wp-json\/wp\/v2\/categories?post=95342"},{"taxonomy":"post_tag","embeddable":true,"href":"https:\/\/primicias2262.com\/noticias\/wp-json\/wp\/v2\/tags?post=95342"}],"curies":[{"name":"wp","href":"https:\/\/api.w.org\/{rel}","templated":true}]}}