{"id":95345,"date":"2022-11-18T17:20:33","date_gmt":"2022-11-18T20:20:33","guid":{"rendered":"https:\/\/primicias2262.com\/?p=95345"},"modified":"2022-11-18T17:20:33","modified_gmt":"2022-11-18T20:20:33","slug":"covid-a-casi-dos-anos-del-inicio-de-la-campana-se-superaron-las-250-mil-dosis-en-necochea","status":"publish","type":"post","link":"https:\/\/primicias2262.com\/noticias\/covid-a-casi-dos-anos-del-inicio-de-la-campana-se-superaron-las-250-mil-dosis-en-necochea\/","title":{"rendered":"Covid: a casi dos a\u00f1os del inicio de la campa\u00f1a, se superaron las 250 mil dosis en Necochea"},"content":{"rendered":"<p>As\u00ed lo inform\u00f3 la coordinadora de vacunaci\u00f3n del municipio, Adriana Turiaci, durante la ma\u00f1ana de \u201cVoces de la Ciudad\u201d, ante la consulta del periodista Jorge G\u00f3mez.<\/p>\n<p>El 30 de diciembre se cumplen dos a\u00f1os del inicio de la campa\u00f1a de vacunaci\u00f3n Covid en Necochea, y en ese sentido la referente de Atenci\u00f3n Primaria de Salud resalt\u00f3 que \u201cpor suerte hoy no tenemos casos, seguimos vacunando y esta semana superamos las 250 mil dosis de todas las variantes para todas las edades que se han dado, es un n\u00famero importante\u201d.<\/p>\n<p>Apunt\u00f3 acto seguido que \u201cactualmente se aplican dosis en el Hospital Modular y est\u00e1 la vacunaci\u00f3n itinerante, terminando esta semana en la posta de Plaza Scout, en 74 y 75\u201d, y una vez pasado el feriado de la Soberan\u00eda, a partir del martes 22 la vacunaci\u00f3n itinerante llegar\u00e1 a la Plaza San Mart\u00edn de la Villa Balnearia, de 10 a 17 hs.<\/p>\n<p>Adem\u00e1s de la vacunaci\u00f3n Covid, Turiaci record\u00f3 que \u201cestamos conjuntamente con Sarampi\u00f3n, Paperas, Rub\u00e9ola y Polio, se ha extendido esta campa\u00f1a de triple viral y Salk para chicos de 13 meses a casi 5 a\u00f1os y vamos a seguir vacunando durante todo noviembre\u2026 y si no llegamos a culminar con el 90% el 11 de diciembre, seguiremos vacunando durante el verano, completando las dosis\u201d.<\/p>\n<p>\u201cMi recomendaci\u00f3n -refiri\u00f3 Turiaci a padres y madres- es que los lleven ahora a los chicos a vacunarse porque durante el verano hay que llevarlos para la vacuna del ingreso escolar, y este a\u00f1o va a ser condici\u00f3n tener la vacuna de la campa\u00f1a y la vacuna de ingreso escolar a partir de los 5 a\u00f1os, ser\u00e1 un requisito indispensable y lo van a pedir, tanto si vas a anotar a un nene en el jard\u00edn o a un nene en primer grado de la escuela\u201d.<\/p>\n<p>\u201cLas chicas de los CAPS ya recorrieron los jardines dos y tres veces y van a empezar a salir a tocar el timbre en los barrios, mientras tanto los pap\u00e1s pueden llevar a los chicos al centro de salud o al Hospital Modular. Bocas de vacunaci\u00f3n hay un mont\u00f3n\u201d, concluy\u00f3 Turiaci.<\/p>\n","protected":false},"excerpt":{"rendered":"<p>As\u00ed lo inform\u00f3 la coordinadora de vacunaci\u00f3n del municipio, Adriana Turiaci, durante la ma\u00f1ana de \u201cVoces de la Ciudad\u201d, ante la consulta del periodista Jorge G\u00f3mez. El 30 de diciembre se cumplen dos a\u00f1os del inicio de la campa\u00f1a de vacunaci\u00f3n Covid en Necochea, y en ese sentido la referente de Atenci\u00f3n Primaria de Salud [&hellip;]<\/p>\n","protected":false},"author":3,"featured_media":95346,"comment_status":"closed","ping_status":"closed","sticky":false,"template":"","format":"standard","meta":{"footnotes":""},"categories":[3],"tags":[],"class_list":["post-95345","post","type-post","status-publish","format-standard","has-post-thumbnail","category-masnoticias"],"_links":{"self":[{"href":"https:\/\/primicias2262.com\/noticias\/wp-json\/wp\/v2\/posts\/95345","targetHints":{"allow":["GET"]}}],"collection":[{"href":"https:\/\/primicias2262.com\/noticias\/wp-json\/wp\/v2\/posts"}],"about":[{"href":"https:\/\/primicias2262.com\/noticias\/wp-json\/wp\/v2\/types\/post"}],"author":[{"embeddable":true,"href":"https:\/\/primicias2262.com\/noticias\/wp-json\/wp\/v2\/users\/3"}],"replies":[{"embeddable":true,"href":"https:\/\/primicias2262.com\/noticias\/wp-json\/wp\/v2\/comments?post=95345"}],"version-history":[{"count":0,"href":"https:\/\/primicias2262.com\/noticias\/wp-json\/wp\/v2\/posts\/95345\/revisions"}],"wp:attachment":[{"href":"https:\/\/primicias2262.com\/noticias\/wp-json\/wp\/v2\/media?parent=95345"}],"wp:term":[{"taxonomy":"category","embeddable":true,"href":"https:\/\/primicias2262.com\/noticias\/wp-json\/wp\/v2\/categories?post=95345"},{"taxonomy":"post_tag","embeddable":true,"href":"https:\/\/primicias2262.com\/noticias\/wp-json\/wp\/v2\/tags?post=95345"}],"curies":[{"name":"wp","href":"https:\/\/api.w.org\/{rel}","templated":true}]}}