{"id":95348,"date":"2022-11-18T17:28:44","date_gmt":"2022-11-18T20:28:44","guid":{"rendered":"https:\/\/primicias2262.com\/?p=95348"},"modified":"2022-11-18T17:28:44","modified_gmt":"2022-11-18T20:28:44","slug":"terminal-quequen-nuestro-norte-es-hacer-las-cosas-bien-y-ser-la-mejor-opcion-para-el-puerto","status":"publish","type":"post","link":"https:\/\/primicias2262.com\/noticias\/terminal-quequen-nuestro-norte-es-hacer-las-cosas-bien-y-ser-la-mejor-opcion-para-el-puerto\/","title":{"rendered":"Terminal Quequ\u00e9n: \u201cNuestro norte es hacer las cosas bien y ser la mejor opci\u00f3n para el puerto\u201d"},"content":{"rendered":"<p><strong>As\u00ed lo defini\u00f3 Daniel Arce, Gerente general de Terminal Quequ\u00e9n, tras la pr\u00f3rroga durante un a\u00f1o de los elevadores, durante una nota telef\u00f3nica en \u201cVoces de la Ciudad\u201d, realizada por el periodista Jorge G\u00f3mez.<\/strong><\/p>\n<p>\u201cNuestro contrato finalizaba el 10 de diciembre, que es cuando fue el inicio de la explotaci\u00f3n del elevador y empez\u00f3 a correr el plazo de 30 a\u00f1os, y en el marco de las conversaciones que hemos venido teniendo con el presidente del Consorcio, Jorge \u00c1lvaro, se nos ofreci\u00f3 una pr\u00f3rroga, la cual fue analizada por el directorio de la compa\u00f1\u00eda y despu\u00e9s por los socios y finalmente aceptamos esa pr\u00f3rroga, que es por un a\u00f1o m\u00e1s\u201d, comenz\u00f3 explicando el director.<\/p>\n<p>La pr\u00f3rroga \u201cfinalizar\u00eda junto con el Ejercicio Econ\u00f3mico de Terminal Quequ\u00e9n, que es el 30 de noviembre de 2023\u201d, acot\u00f3 Arce, para se\u00f1alar que \u201centendemos que fue la mejor decisi\u00f3n para todas las partes: para los usuarios del elevador y para todos los trabajadores porque hab\u00eda mucha incertidumbre en este punto, tanto en trabajadores propios como en trabajadores de gremios que operan con nosotros, jornaleros\u2026 hab\u00eda mucha preocupaci\u00f3n ene se sentido porque otro escenario hubiera sido complejo\u201d.<\/p>\n<p>Mientras tanto, sobre un futuro proceso licitatorio Arce manifest\u00f3 que \u201cTerminal Quequ\u00e9n ha tenido el \u00e1nimo como para continuar la explotaci\u00f3n y prorrogar nuestro contrato, en conjunto bregar por la continuidad\u2026 en el Consorcio todav\u00eda no se han tratado los temas, aunque el presidente ha manifestado la intenci\u00f3n de un proceso licitatorio y han tomado conocimiento de la propuesta nuestra\u201d.<\/p>\n<p>M\u00e1s adelante agreg\u00f3 que \u201cen principio hay que darle formalidad por el directorio a esta pr\u00f3rroga corta que nos han dado y luego analizar el esquema del pliego de cara a la licitaci\u00f3n, tendremos una instancia como empresa para ver si vamos a participar o no en el proceso licitatorio, pero todo indica que s\u00ed\u201d.<\/p>\n<p>Hablando de manera m\u00e1s integral de la instituci\u00f3n, el Gerente General defini\u00f3 que \u201cTerminal Quequ\u00e9n es una sociedad an\u00f3nima y la composici\u00f3n societaria de la instituci\u00f3n para nosotros es un valor, integrada por socios de distinta naturaleza, algunos exportadores; tambi\u00e9n est\u00e1 representada la producci\u00f3n primaria, entidades que hacen a la cadena agroexportadora, como el Centro de Acopiadores por ejemplo, y la Bolsa de Cereales\u201d.<\/p>\n<p>Al concluir, resalt\u00f3 Arce que \u201ctenemos un elevador con una gesti\u00f3n que est\u00e1 legitimada por los distintos sectores, y eso es importante, despu\u00e9s la cuesti\u00f3n pol\u00edtica es muy sensible, con distintas opiniones que son todas respetables, pero tambi\u00e9n hay un marco legal y nosotros sab\u00edamos cu\u00e1les eran los escenarios factibles, as\u00ed que en nuestro norte tiene que estar hacer las cosas bien y ser la mejor opci\u00f3n para el puerto\u201d.<\/p>\n","protected":false},"excerpt":{"rendered":"<p>As\u00ed lo defini\u00f3 Daniel Arce, Gerente general de Terminal Quequ\u00e9n, tras la pr\u00f3rroga durante un a\u00f1o de los elevadores, durante una nota telef\u00f3nica en \u201cVoces de la Ciudad\u201d, realizada por el periodista Jorge G\u00f3mez. \u201cNuestro contrato finalizaba el 10 de diciembre, que es cuando fue el inicio de la explotaci\u00f3n del elevador y empez\u00f3 a [&hellip;]<\/p>\n","protected":false},"author":3,"featured_media":95349,"comment_status":"closed","ping_status":"closed","sticky":false,"template":"","format":"standard","meta":{"footnotes":""},"categories":[3],"tags":[],"class_list":["post-95348","post","type-post","status-publish","format-standard","has-post-thumbnail","category-masnoticias"],"_links":{"self":[{"href":"https:\/\/primicias2262.com\/noticias\/wp-json\/wp\/v2\/posts\/95348","targetHints":{"allow":["GET"]}}],"collection":[{"href":"https:\/\/primicias2262.com\/noticias\/wp-json\/wp\/v2\/posts"}],"about":[{"href":"https:\/\/primicias2262.com\/noticias\/wp-json\/wp\/v2\/types\/post"}],"author":[{"embeddable":true,"href":"https:\/\/primicias2262.com\/noticias\/wp-json\/wp\/v2\/users\/3"}],"replies":[{"embeddable":true,"href":"https:\/\/primicias2262.com\/noticias\/wp-json\/wp\/v2\/comments?post=95348"}],"version-history":[{"count":0,"href":"https:\/\/primicias2262.com\/noticias\/wp-json\/wp\/v2\/posts\/95348\/revisions"}],"wp:attachment":[{"href":"https:\/\/primicias2262.com\/noticias\/wp-json\/wp\/v2\/media?parent=95348"}],"wp:term":[{"taxonomy":"category","embeddable":true,"href":"https:\/\/primicias2262.com\/noticias\/wp-json\/wp\/v2\/categories?post=95348"},{"taxonomy":"post_tag","embeddable":true,"href":"https:\/\/primicias2262.com\/noticias\/wp-json\/wp\/v2\/tags?post=95348"}],"curies":[{"name":"wp","href":"https:\/\/api.w.org\/{rel}","templated":true}]}}