{"id":95362,"date":"2022-11-19T16:55:50","date_gmt":"2022-11-19T19:55:50","guid":{"rendered":"https:\/\/primicias2262.com\/?p=95362"},"modified":"2022-11-19T16:55:50","modified_gmt":"2022-11-19T19:55:50","slug":"deuda-con-la-empresa-recolectora-desde-el-pro-aconsejan-a-rojas-que-todavia-no-entregue-patrimonio","status":"publish","type":"post","link":"https:\/\/primicias2262.com\/noticias\/deuda-con-la-empresa-recolectora-desde-el-pro-aconsejan-a-rojas-que-todavia-no-entregue-patrimonio\/","title":{"rendered":"Deuda con la empresa recolectora: desde el PRO aconsejan a Rojas que todav\u00eda \u201cno entregue patrimonio\u201d"},"content":{"rendered":"<p>Los dirigentes locales del PRO, Marcela Fern\u00e1ndez Palma y Mat\u00edas Ferrazzini, pasaron por los estudios de \u201cVoces de la Ciudad\u201d donde contaron c\u00f3mo est\u00e1 el panorama del partido de cara a 2023 y pusieron el foco en un tema local de preocupaci\u00f3n como es la deuda millonaria con la empresa de recolecci\u00f3n de residuos RELISA, respecto a lo que aseguran que antes que pagar hay que cuantificar n\u00fameros.<\/p>\n<p>En di\u00e1logo con el periodista Jorge G\u00f3mez, primeramente Marcela Fern\u00e1ndez Palma ofreci\u00f3 una mirada hacia adentro al definir que \u201cel PRO empez\u00f3 un proceso de reorganizaci\u00f3n estructural en cuanto entendi\u00f3 que tiene que transformarse en un partido, y en el tiempo va a terminar como el radicalismo, que hace sus asambleas locales partidarias con candidatos\u00bb.<\/p>\n<p>\u00abLo que empezamos a hacer en Necochea es a unificarnos nosotros, somos distintos referentes que seguimos l\u00edneas distintas de referentes que quieren presentarse como candidatos a presidente y gobernadores\u201d, se\u00f1al\u00f3.<\/p>\n<p>Sigui\u00f3 contando que \u201ccada uno de nosotros se identifica con esos referentes y tenemos una interna dentro del partido, entonces tenemos que fortalecer esas corrientes, lo que no implica que tenemos que unirnos por temas locales y ya empezamos a hacer la primera\u201d, momento en el cual revel\u00f3 que \u201chicimos una presentaci\u00f3n para hablar del tema del basural y la recolecci\u00f3n de residuos, un tema muy complejo para el que empezamos a unificar criterios y mostrar esa uni\u00f3n que va a estar luego volcada hacia Juntos y hacia la sociedad\u201d.<\/p>\n<p>A su turno, Ferrazzini se\u00f1al\u00f3 que \u201cla deuda que tiene la Municipalidad con RELISA est\u00e1, pero tambi\u00e9n est\u00e1 en el contrato el tema del cuidado del medio ambiente, y para mitigar el desastre ambiental que hay en el basurero actual seguramente haya que invertir mucha m\u00e1s plata que la que se debe a la empresa, con lo cual hay que negociar eso, cuantificar qu\u00e9 es lo que hay que pagar a partir de mitigar el medio ambiente y la salud\u201d.<\/p>\n<p>En la misma l\u00ednea de cuantificaci\u00f3n, Fern\u00e1ndez Palma argument\u00f3 que \u201cdurante muchos a\u00f1os como empresa no cumpliste lo que ten\u00edas pactado y eso tiene que ser cuantificado, y una vez que se cuantifique, el n\u00famero va a variar y cuando la deuda sea la correcta, reci\u00e9n a partir de ah\u00ed empezar a hablar\u201d.<\/p>\n<p>Fue en ese marco que afirm\u00f3: \u201cLo que nosotros hoy le pedimos al intendente (Arturo Rojas) es \u201cno pagues, ni entregues patrimonio todav\u00eda. Cuantifiquemos la deuda y miremos cu\u00e1nto es el valor del saneamiento ambiental y sanitario que tenemos, y en base a eso lleguemos a un n\u00famero\u201d.<\/p>\n<p>\u201cY sobre todo le pido al Intendente \u2013sigui\u00f3 enf\u00e1tica Marcela- que abra el di\u00e1logo para la ciudadan\u00eda, dejen de hacer las decisiones tan cerradas. Si yo fuera intendente hoy, p\u00fablicamente contar\u00eda cu\u00e1l es la deuda, de d\u00f3nde viene, qu\u00e9 es lo que estoy cuantificando y las negociaciones que estoy haciendo.<\/p>\n<p>Adem\u00e1s de ello, la charla en \u201cVoces de la Ciudad\u201d estuvo orientada con la mirada puesta hacia 2023, acerca de lo que Ferrazzini manifest\u00f3 que \u201cestamos en la l\u00ednea que propone como presidente a Patricia Bullrich, y ella tiene tres candidatos a gobernador en la Provincia trabajando juntos para que sea finalmente un solo candidato, que son Javier Iguacel, N\u00e9stor Grindetti y Joaqu\u00edn de la Torre; est\u00e1n trabajando los tres juntos en la planificaci\u00f3n de la Provincia\u201d.<\/p>\n<p>Al respecto, Fern\u00e1ndez Palma asegur\u00f3 que \u201choy necesitamos l\u00edderes muy fuertes, que tengan convicci\u00f3n, claridad y coraje, porque vienen momentos muy complicados, hay que hacer un cambio dr\u00e1stico y vamos a necesitar el apoyo de toda la ciudadan\u00eda\u201d, y agreg\u00f3: \u201cA los vecinos les decimos que en vez de preguntar qui\u00e9nes seremos los candidatos, pregunten qu\u00e9 vamos a hacer o cu\u00e1l va a ser la manera en que pretendemos trabajar de ac\u00e1 en m\u00e1s, que exijan proyectos claros y concretos, no podemos seguir vendiendo ilusiones\u201d.<\/p>\n<p>Ampli\u00f3 que \u201cuna de las cosas que m\u00e1s buscamos es la transparencia, por ejemplo, el Intendente no puede ser un ente solo y aislado, sino que tiene que trabajar con un consejo asesor gratuito armado por las diferentes patas de organizaciones sociales, profesionales, excandidatos, donde cuente qu\u00e9 plan hizo y c\u00f3mo va\u201d.<\/p>\n<p>Finalmente, con tino cr\u00edtico hacia el PRO nacional, Fern\u00e1ndez Palma se\u00f1al\u00f3 que \u201cMar\u00eda Eugenia Vidal en su momento debi\u00f3 quedarse a defender su gesti\u00f3n en la Provincia, las \u00fanicas personas que se quedaron defendiendo las gestiones fueron Patricia Bullrich y Jorge Macri\u201d.<\/p>\n<p>Con respecto al ex presidente desliz\u00f3 que \u201cdebe entender realmente en qu\u00e9 se equivoc\u00f3 y cambiar esas actitudes, en eso est\u00e1n trabajando y nosotros estamos exigi\u00e9ndoles desde las bases, demostrando con acciones que la \u00fanica manera de trabajar es en conjunto y haciendo una planificaci\u00f3n estrat\u00e9gica a varios a\u00f1os, porque el pa\u00eds no se saca adelante en cuatro a\u00f1os\u201d.<\/p>\n","protected":false},"excerpt":{"rendered":"<p>Los dirigentes locales del PRO, Marcela Fern\u00e1ndez Palma y Mat\u00edas Ferrazzini, pasaron por los estudios de \u201cVoces de la Ciudad\u201d donde contaron c\u00f3mo est\u00e1 el panorama del partido de cara a 2023 y pusieron el foco en un tema local de preocupaci\u00f3n como es la deuda millonaria con la empresa de recolecci\u00f3n de residuos RELISA, [&hellip;]<\/p>\n","protected":false},"author":3,"featured_media":95363,"comment_status":"closed","ping_status":"closed","sticky":false,"template":"","format":"standard","meta":{"footnotes":""},"categories":[3],"tags":[],"class_list":["post-95362","post","type-post","status-publish","format-standard","has-post-thumbnail","category-masnoticias"],"_links":{"self":[{"href":"https:\/\/primicias2262.com\/noticias\/wp-json\/wp\/v2\/posts\/95362","targetHints":{"allow":["GET"]}}],"collection":[{"href":"https:\/\/primicias2262.com\/noticias\/wp-json\/wp\/v2\/posts"}],"about":[{"href":"https:\/\/primicias2262.com\/noticias\/wp-json\/wp\/v2\/types\/post"}],"author":[{"embeddable":true,"href":"https:\/\/primicias2262.com\/noticias\/wp-json\/wp\/v2\/users\/3"}],"replies":[{"embeddable":true,"href":"https:\/\/primicias2262.com\/noticias\/wp-json\/wp\/v2\/comments?post=95362"}],"version-history":[{"count":0,"href":"https:\/\/primicias2262.com\/noticias\/wp-json\/wp\/v2\/posts\/95362\/revisions"}],"wp:attachment":[{"href":"https:\/\/primicias2262.com\/noticias\/wp-json\/wp\/v2\/media?parent=95362"}],"wp:term":[{"taxonomy":"category","embeddable":true,"href":"https:\/\/primicias2262.com\/noticias\/wp-json\/wp\/v2\/categories?post=95362"},{"taxonomy":"post_tag","embeddable":true,"href":"https:\/\/primicias2262.com\/noticias\/wp-json\/wp\/v2\/tags?post=95362"}],"curies":[{"name":"wp","href":"https:\/\/api.w.org\/{rel}","templated":true}]}}