{"id":95365,"date":"2022-11-19T17:00:15","date_gmt":"2022-11-19T20:00:15","guid":{"rendered":"https:\/\/primicias2262.com\/?p=95365"},"modified":"2022-11-19T17:00:15","modified_gmt":"2022-11-19T20:00:15","slug":"a-partir-del-martes-22-de-noviembre-los-bancos-atenderan-al-publico-de-8-a-13","status":"publish","type":"post","link":"https:\/\/primicias2262.com\/noticias\/a-partir-del-martes-22-de-noviembre-los-bancos-atenderan-al-publico-de-8-a-13\/","title":{"rendered":"A partir del martes 22 de noviembre los bancos atender\u00e1n al p\u00fablico de 8 a 13"},"content":{"rendered":"<p>El titular de la Asociaci\u00f3n Bancaria local, Demian Ledesma, lo confirm\u00f3 este jueves en un breve di\u00e1logo telef\u00f3nico con el periodista Jorge G\u00f3mez en \u201cVoces de la Ciudad\u201d.<\/p>\n<p>Atento a la proximidad de la temporada de verano, Ledesma sintetiz\u00f3 que \u201chay una confirmaci\u00f3n oficial de la modificaci\u00f3n del horario estival de la atenci\u00f3n al p\u00fablico y de la jornada laboral de los bancarios, y ser\u00e1 a partir del primer d\u00eda h\u00e1bil de la semana que viene, que es el martes 22\u201d.<\/p>\n<p>Por consiguiente, a partir del pr\u00f3ximo martes 22 el horario de atenci\u00f3n al p\u00fablico de los bancos p\u00fablicos y privados ser\u00e1 de 8 a 13 hs. \u201cSolo estamos esperando que nos pasen el decreto pero ya est\u00e1 firmado y oficializado\u201d, reforz\u00f3 Ledesma.<\/p>\n<p>Finalmente, el dirigente argument\u00f3 no solo las cuestiones sanitarias y la idea de no exponer al p\u00fablico a las altas temperaturas, sino que tambi\u00e9n al adelantar la actividad bancaria se le permite a la actividad comercial liberar el resto del d\u00eda para ocuparse de otras cosas. \u201cEsto en su momento dio un resultado inesperado que fue la aceptaci\u00f3n por parte de la actividad comercial de la Provincia de Buenos Aires, y sobre todo de la zona atl\u00e1ntica que recibe al turismo\u201d, concluy\u00f3.<\/p>\n","protected":false},"excerpt":{"rendered":"<p>El titular de la Asociaci\u00f3n Bancaria local, Demian Ledesma, lo confirm\u00f3 este jueves en un breve di\u00e1logo telef\u00f3nico con el periodista Jorge G\u00f3mez en \u201cVoces de la Ciudad\u201d. Atento a la proximidad de la temporada de verano, Ledesma sintetiz\u00f3 que \u201chay una confirmaci\u00f3n oficial de la modificaci\u00f3n del horario estival de la atenci\u00f3n al p\u00fablico [&hellip;]<\/p>\n","protected":false},"author":3,"featured_media":76551,"comment_status":"closed","ping_status":"closed","sticky":false,"template":"","format":"standard","meta":{"footnotes":""},"categories":[3],"tags":[],"class_list":["post-95365","post","type-post","status-publish","format-standard","has-post-thumbnail","category-masnoticias"],"_links":{"self":[{"href":"https:\/\/primicias2262.com\/noticias\/wp-json\/wp\/v2\/posts\/95365","targetHints":{"allow":["GET"]}}],"collection":[{"href":"https:\/\/primicias2262.com\/noticias\/wp-json\/wp\/v2\/posts"}],"about":[{"href":"https:\/\/primicias2262.com\/noticias\/wp-json\/wp\/v2\/types\/post"}],"author":[{"embeddable":true,"href":"https:\/\/primicias2262.com\/noticias\/wp-json\/wp\/v2\/users\/3"}],"replies":[{"embeddable":true,"href":"https:\/\/primicias2262.com\/noticias\/wp-json\/wp\/v2\/comments?post=95365"}],"version-history":[{"count":0,"href":"https:\/\/primicias2262.com\/noticias\/wp-json\/wp\/v2\/posts\/95365\/revisions"}],"wp:attachment":[{"href":"https:\/\/primicias2262.com\/noticias\/wp-json\/wp\/v2\/media?parent=95365"}],"wp:term":[{"taxonomy":"category","embeddable":true,"href":"https:\/\/primicias2262.com\/noticias\/wp-json\/wp\/v2\/categories?post=95365"},{"taxonomy":"post_tag","embeddable":true,"href":"https:\/\/primicias2262.com\/noticias\/wp-json\/wp\/v2\/tags?post=95365"}],"curies":[{"name":"wp","href":"https:\/\/api.w.org\/{rel}","templated":true}]}}