{"id":95370,"date":"2022-11-19T17:14:08","date_gmt":"2022-11-19T20:14:08","guid":{"rendered":"https:\/\/primicias2262.com\/?p=95370"},"modified":"2022-11-19T17:14:08","modified_gmt":"2022-11-19T20:14:08","slug":"extendieron-la-campana-nacional-de-vacunacion-hasta-el-11-de-diciembre","status":"publish","type":"post","link":"https:\/\/primicias2262.com\/noticias\/extendieron-la-campana-nacional-de-vacunacion-hasta-el-11-de-diciembre\/","title":{"rendered":"Extendieron la campa\u00f1a nacional de vacunaci\u00f3n hasta el 11 de diciembre"},"content":{"rendered":"<p>El gobierno bonaerense inform\u00f3 que hasta <strong>el 11 de diciembre hay tiempo <\/strong>para llevar a tu\u00a0<strong>hijo\/a\u00a0<\/strong>a que reciba la dosis\u00a0<strong>extra\u00a0<\/strong>de la\u00a0<strong>vacuna Triple Viral y contra la Polio.<\/strong><\/p>\n<p>La dosis extra es\u00a0<strong>obligatoria\u00a0<\/strong>y gratuita y la constancia de su aplicaci\u00f3n se solicitar\u00e1 durante el inicio del <strong>ciclo lectivo 2023.<\/strong><\/p>\n<p>Se puede hacer en <strong>cualquier vacunatorio\u00a0<\/strong>de la Provincia\u00a0<strong>sin turno ni orden m\u00e9dica<\/strong>. Para consultar el centro m\u00e1s cercano y conocer m\u00e1s informaci\u00f3n de la campa\u00f1a, ingres\u00e1 a:\u00a0<a id=\"m_687388676903483743161803052\" href=\"https:\/\/nts.embluemail.com\/p\/cl?data=U0ozqJ8twYfqbhFsc1wC9gW6F6YBCpFueyQBc%2FpaX%2FjbbgVHdl0kRss5lXstKZQfp%2BHohePtNoklfQhetD9y87Hj5IeHEC45oUFvgOK7vT8%3D!-!6a4eq6b!-!https%3A%2F%2Fwww.gba.gob.ar%2Fvacunacion%2F%3Futm_source=emBlue%26utm_medium=email%26utm_campaign=COMUNICACION+PUBLICA%26utm_content=Se+extiende+la+campa%C3%B1a+devacunaci%C3%B3n--Se+extiende+la+Campa%C3%B1a+Nacional+de+Vacunaci%C3%B3n%26utm_term=11082022+Activos--6--none--80-90--ENVIO+SIMPLE\" target=\"_blank\" rel=\"noopener\" data-saferedirecturl=\"https:\/\/www.google.com\/url?q=https:\/\/nts.embluemail.com\/p\/cl?data%3DU0ozqJ8twYfqbhFsc1wC9gW6F6YBCpFueyQBc%252FpaX%252FjbbgVHdl0kRss5lXstKZQfp%252BHohePtNoklfQhetD9y87Hj5IeHEC45oUFvgOK7vT8%253D!-!6a4eq6b!-!https%253A%252F%252Fwww.gba.gob.ar%252Fvacunacion%252F%253Futm_source%3DemBlue%2526utm_medium%3Demail%2526utm_campaign%3DCOMUNICACION%2BPUBLICA%2526utm_content%3DSe%2Bextiende%2Bla%2Bcampa%25C3%25B1a%2Bdevacunaci%25C3%25B3n--Se%2Bextiende%2Bla%2BCampa%25C3%25B1a%2BNacional%2Bde%2BVacunaci%25C3%25B3n%2526utm_term%3D11082022%2BActivos--6--none--80-90--ENVIO%2BSIMPLE&amp;source=gmail&amp;ust=1668974475453000&amp;usg=AOvVaw2-NUcSK6cWZ2ChI4uoDrgU\"><strong>gba.gob.ar\/vacunacion\/<\/strong><\/a><\/p>\n","protected":false},"excerpt":{"rendered":"<p>El gobierno bonaerense inform\u00f3 que hasta el 11 de diciembre hay tiempo para llevar a tu\u00a0hijo\/a\u00a0a que reciba la dosis\u00a0extra\u00a0de la\u00a0vacuna Triple Viral y contra la Polio. La dosis extra es\u00a0obligatoria\u00a0y gratuita y la constancia de su aplicaci\u00f3n se solicitar\u00e1 durante el inicio del ciclo lectivo 2023. Se puede hacer en cualquier vacunatorio\u00a0de la Provincia\u00a0sin [&hellip;]<\/p>\n","protected":false},"author":3,"featured_media":95371,"comment_status":"closed","ping_status":"closed","sticky":false,"template":"","format":"standard","meta":{"footnotes":""},"categories":[3],"tags":[],"class_list":["post-95370","post","type-post","status-publish","format-standard","has-post-thumbnail","category-masnoticias"],"_links":{"self":[{"href":"https:\/\/primicias2262.com\/noticias\/wp-json\/wp\/v2\/posts\/95370","targetHints":{"allow":["GET"]}}],"collection":[{"href":"https:\/\/primicias2262.com\/noticias\/wp-json\/wp\/v2\/posts"}],"about":[{"href":"https:\/\/primicias2262.com\/noticias\/wp-json\/wp\/v2\/types\/post"}],"author":[{"embeddable":true,"href":"https:\/\/primicias2262.com\/noticias\/wp-json\/wp\/v2\/users\/3"}],"replies":[{"embeddable":true,"href":"https:\/\/primicias2262.com\/noticias\/wp-json\/wp\/v2\/comments?post=95370"}],"version-history":[{"count":0,"href":"https:\/\/primicias2262.com\/noticias\/wp-json\/wp\/v2\/posts\/95370\/revisions"}],"wp:attachment":[{"href":"https:\/\/primicias2262.com\/noticias\/wp-json\/wp\/v2\/media?parent=95370"}],"wp:term":[{"taxonomy":"category","embeddable":true,"href":"https:\/\/primicias2262.com\/noticias\/wp-json\/wp\/v2\/categories?post=95370"},{"taxonomy":"post_tag","embeddable":true,"href":"https:\/\/primicias2262.com\/noticias\/wp-json\/wp\/v2\/tags?post=95370"}],"curies":[{"name":"wp","href":"https:\/\/api.w.org\/{rel}","templated":true}]}}