{"id":95373,"date":"2022-11-19T17:18:35","date_gmt":"2022-11-19T20:18:35","guid":{"rendered":"https:\/\/primicias2262.com\/?p=95373"},"modified":"2022-11-19T17:18:35","modified_gmt":"2022-11-19T20:18:35","slug":"cierre-de-ano-para-la-escuela-de-ajedrez-con-un-clima-festivo","status":"publish","type":"post","link":"https:\/\/primicias2262.com\/noticias\/cierre-de-ano-para-la-escuela-de-ajedrez-con-un-clima-festivo\/","title":{"rendered":"Cierre de a\u00f1o para la Escuela de Ajedrez con un clima festivo"},"content":{"rendered":"<p>Esta semana se realiz\u00f3 el cierre anual de los talleres de la Escuela Municipal de Ajedrez \u201cRa\u00fal J\u00e1uregui\u201d, con una jornada desarrollada en el Centro Cultural de la ciudad, donde confluyeron alumnos y profesores de la instituci\u00f3n, actores del ajedrez local y la Direcci\u00f3n de Educaci\u00f3n -de la cual depende la Escuela-, representada por su titular, Mariela Cellerino.<\/p>\n<p>Uno de los referentes de la escuela y del ajedrez educativo de la ciudad, el Prof. Luis Decastelli, pint\u00f3 con sus palabras una s\u00edntesis de lo que fue este 2022 para la Escuela Municipal, expresando que \u201cestamos cerrando el a\u00f1o en la presencialidad plena de la mejor manera posible y con un clima festivo\u201d, y \u201cen este espacio cultural que hace m\u00e1s de 30 a\u00f1os nos abri\u00f3 las puertas\u201d, en referencia al Centro Cultural \u2013 Biblioteca Popular \u201cAndr\u00e9s Ferreyra\u201d.<\/p>\n<p>Durante el cierre de la temporada 2022, estuvieron presentes adem\u00e1s los casi 70 alumnos de la Escuela Municipal de Ajedrez, el Prof. Emanuel Batillier y el referente Carlos Hospitaleche; \u00a0alumnos de la Escuela Argentino Danesa -pionera en el ajedrez local-, parte de la comisi\u00f3n directiva del Club de Ajedrez de Necochea y el campe\u00f3n actual de Necochea, Rolando Gabrielli.<\/p>\n<p>Decastelli destac\u00f3 que \u201chicimos una s\u00edntesis cultural durante la jornada, regalamos libros a los m\u00e1s chicos y a los adultos mayores que est\u00e1n tomando clases de ajedrez\u201d, y adem\u00e1s se despleg\u00f3 una cl\u00ednica con \u00a0tableros profesionales con relojes y juegos de pre-ajedrez para los m\u00e1s chiquitos.<\/p>\n","protected":false},"excerpt":{"rendered":"<p>Esta semana se realiz\u00f3 el cierre anual de los talleres de la Escuela Municipal de Ajedrez \u201cRa\u00fal J\u00e1uregui\u201d, con una jornada desarrollada en el Centro Cultural de la ciudad, donde confluyeron alumnos y profesores de la instituci\u00f3n, actores del ajedrez local y la Direcci\u00f3n de Educaci\u00f3n -de la cual depende la Escuela-, representada por su [&hellip;]<\/p>\n","protected":false},"author":3,"featured_media":95374,"comment_status":"closed","ping_status":"closed","sticky":false,"template":"","format":"standard","meta":{"footnotes":""},"categories":[3],"tags":[],"class_list":["post-95373","post","type-post","status-publish","format-standard","has-post-thumbnail","category-masnoticias"],"_links":{"self":[{"href":"https:\/\/primicias2262.com\/noticias\/wp-json\/wp\/v2\/posts\/95373","targetHints":{"allow":["GET"]}}],"collection":[{"href":"https:\/\/primicias2262.com\/noticias\/wp-json\/wp\/v2\/posts"}],"about":[{"href":"https:\/\/primicias2262.com\/noticias\/wp-json\/wp\/v2\/types\/post"}],"author":[{"embeddable":true,"href":"https:\/\/primicias2262.com\/noticias\/wp-json\/wp\/v2\/users\/3"}],"replies":[{"embeddable":true,"href":"https:\/\/primicias2262.com\/noticias\/wp-json\/wp\/v2\/comments?post=95373"}],"version-history":[{"count":0,"href":"https:\/\/primicias2262.com\/noticias\/wp-json\/wp\/v2\/posts\/95373\/revisions"}],"wp:attachment":[{"href":"https:\/\/primicias2262.com\/noticias\/wp-json\/wp\/v2\/media?parent=95373"}],"wp:term":[{"taxonomy":"category","embeddable":true,"href":"https:\/\/primicias2262.com\/noticias\/wp-json\/wp\/v2\/categories?post=95373"},{"taxonomy":"post_tag","embeddable":true,"href":"https:\/\/primicias2262.com\/noticias\/wp-json\/wp\/v2\/tags?post=95373"}],"curies":[{"name":"wp","href":"https:\/\/api.w.org\/{rel}","templated":true}]}}