{"id":95389,"date":"2022-11-20T15:45:39","date_gmt":"2022-11-20T18:45:39","guid":{"rendered":"https:\/\/primicias2262.com\/?p=95389"},"modified":"2022-11-20T15:45:39","modified_gmt":"2022-11-20T18:45:39","slug":"trabajan-para-organizar-la-circulacion-vehicular-en-la-arena","status":"publish","type":"post","link":"https:\/\/primicias2262.com\/noticias\/trabajan-para-organizar-la-circulacion-vehicular-en-la-arena\/","title":{"rendered":"Trabajan para organizar la circulaci\u00f3n vehicular en la arena"},"content":{"rendered":"<p>Previendo el pronto inicio de la temporada estival, distintas \u00e1reas de la Municipalidad trabajan para organizar la circulaci\u00f3n vehicular en la Villa balnearia y las costaneras de Necochea y Quequ\u00e9n, dando cumplimiento a la Ordenanza N\u00ba 9977, sancionada el 3 de octubre del 2019.<\/p>\n<p>Al respecto, desde la Subsecretar\u00eda de Ordenamiento Urbano y Fiscalizaci\u00f3n explicaron que se ejecutan tareas relacionadas a la colocaci\u00f3n de empalizadas que ir\u00e1n enterradas un metro en la arena, para evitar su hurto o desplazamiento.<\/p>\n<p>Mientras se comienza a colocar carteler\u00eda alusiva en sectores previamente determinados, la dependencia tambi\u00e9n se encuentra en proceso de adquisici\u00f3n o acondicionamiento de nueva se\u00f1al\u00e9tica para reforzar la difusi\u00f3n de distintas medidas preventivas, en funci\u00f3n de la misma normativa y siguiendo el esquema de prohibici\u00f3n de circulaci\u00f3n en la arena, con la demarcaci\u00f3n de las bajadas habilitadas para el acceso de rodados todo terreno.<\/p>\n<p>Seg\u00fan el art\u00edculo 5\u00ba del ordenamiento de car\u00e1cter municipal, no se puede transitar o estacionar ning\u00fan tipo de veh\u00edculo en: 1. Todo el litoral mar\u00edtimo de la localidad de Quequ\u00e9n; 2. El sector comprendido entre la Escollera Sur y la proyecci\u00f3n de la calle 61, exceptuando la manga de salida de veh\u00edculos delimitada; 3. La proyecci\u00f3n de calle 71 hasta calle 117 (Kabril); 4. El sector comprendido entre el l\u00edmite norte del parador Karamawi y la proyecci\u00f3n de la calle 159, exceptuando la manga de salida de veh\u00edculos delimitada; 5. El sector comprendido entre la proyecci\u00f3n de las calles 187 y 195 (Sector de playa de complejos y campings gremiales).<\/p>\n<p>Vale destacar que la misma ordenanza estipula que se reconoce como veh\u00edculo 4\u00d74 Todo Terreno a todo aquel que \u201cse encuentre preparado para la arena, veh\u00edculos de tracci\u00f3n integral y doble tracci\u00f3n\u201d.<\/p>\n<p>En su apartado sexto, instaura tambi\u00e9n que, para acceder a la costa, los rodados deber\u00e1n utilizar los accesos establecidos a tal fin, traslad\u00e1ndose hasta encontrar estacionamiento a una velocidad m\u00e1xima de 20 kil\u00f3metros por hora, y que se establece como \u201czona segura y libre de veh\u00edculos a motor, aquella que resulta del sector restringido por la limitante f\u00edsica de 30 metros y la lengua de agua\u201d.<\/p>\n","protected":false},"excerpt":{"rendered":"<p>Previendo el pronto inicio de la temporada estival, distintas \u00e1reas de la Municipalidad trabajan para organizar la circulaci\u00f3n vehicular en la Villa balnearia y las costaneras de Necochea y Quequ\u00e9n, dando cumplimiento a la Ordenanza N\u00ba 9977, sancionada el 3 de octubre del 2019. Al respecto, desde la Subsecretar\u00eda de Ordenamiento Urbano y Fiscalizaci\u00f3n explicaron [&hellip;]<\/p>\n","protected":false},"author":3,"featured_media":95390,"comment_status":"closed","ping_status":"closed","sticky":false,"template":"","format":"standard","meta":{"footnotes":""},"categories":[3],"tags":[],"class_list":["post-95389","post","type-post","status-publish","format-standard","has-post-thumbnail","category-masnoticias"],"_links":{"self":[{"href":"https:\/\/primicias2262.com\/noticias\/wp-json\/wp\/v2\/posts\/95389","targetHints":{"allow":["GET"]}}],"collection":[{"href":"https:\/\/primicias2262.com\/noticias\/wp-json\/wp\/v2\/posts"}],"about":[{"href":"https:\/\/primicias2262.com\/noticias\/wp-json\/wp\/v2\/types\/post"}],"author":[{"embeddable":true,"href":"https:\/\/primicias2262.com\/noticias\/wp-json\/wp\/v2\/users\/3"}],"replies":[{"embeddable":true,"href":"https:\/\/primicias2262.com\/noticias\/wp-json\/wp\/v2\/comments?post=95389"}],"version-history":[{"count":0,"href":"https:\/\/primicias2262.com\/noticias\/wp-json\/wp\/v2\/posts\/95389\/revisions"}],"wp:attachment":[{"href":"https:\/\/primicias2262.com\/noticias\/wp-json\/wp\/v2\/media?parent=95389"}],"wp:term":[{"taxonomy":"category","embeddable":true,"href":"https:\/\/primicias2262.com\/noticias\/wp-json\/wp\/v2\/categories?post=95389"},{"taxonomy":"post_tag","embeddable":true,"href":"https:\/\/primicias2262.com\/noticias\/wp-json\/wp\/v2\/tags?post=95389"}],"curies":[{"name":"wp","href":"https:\/\/api.w.org\/{rel}","templated":true}]}}