{"id":95400,"date":"2022-11-20T16:12:37","date_gmt":"2022-11-20T19:12:37","guid":{"rendered":"https:\/\/primicias2262.com\/?p=95400"},"modified":"2022-11-20T16:12:37","modified_gmt":"2022-11-20T19:12:37","slug":"por-el-clima-postegaron-la-primera-final-del-futbol-local","status":"publish","type":"post","link":"https:\/\/primicias2262.com\/noticias\/por-el-clima-postegaron-la-primera-final-del-futbol-local\/","title":{"rendered":"Por el clima postegaron la primera final del f\u00fatbol local"},"content":{"rendered":"<p>Por razones clim\u00e1ticas, la Liga Necochea de F\u00fatbol dispuso postergar la primera final del torneo \u00abEmilio Heder Resuene\u00bb, que este domingo iban a disputar Sportivo e Independiente de San Cayetano en el \u00abFelipe Serafini\u00bb.<\/p>\n<p>El cl\u00e1sico sancayetanense fue reprogramado para el pr\u00f3ximo martes a las 18 con el arbitraje de una terna de Tandil.<\/p>\n<p>&nbsp;<\/p>\n","protected":false},"excerpt":{"rendered":"<p>Por razones clim\u00e1ticas, la Liga Necochea de F\u00fatbol dispuso postergar la primera final del torneo \u00abEmilio Heder Resuene\u00bb, que este domingo iban a disputar Sportivo e Independiente de San Cayetano en el \u00abFelipe Serafini\u00bb. El cl\u00e1sico sancayetanense fue reprogramado para el pr\u00f3ximo martes a las 18 con el arbitraje de una terna de Tandil. &nbsp;<\/p>\n","protected":false},"author":3,"featured_media":72870,"comment_status":"closed","ping_status":"closed","sticky":false,"template":"","format":"standard","meta":{"footnotes":""},"categories":[3],"tags":[],"class_list":["post-95400","post","type-post","status-publish","format-standard","has-post-thumbnail","category-masnoticias"],"_links":{"self":[{"href":"https:\/\/primicias2262.com\/noticias\/wp-json\/wp\/v2\/posts\/95400","targetHints":{"allow":["GET"]}}],"collection":[{"href":"https:\/\/primicias2262.com\/noticias\/wp-json\/wp\/v2\/posts"}],"about":[{"href":"https:\/\/primicias2262.com\/noticias\/wp-json\/wp\/v2\/types\/post"}],"author":[{"embeddable":true,"href":"https:\/\/primicias2262.com\/noticias\/wp-json\/wp\/v2\/users\/3"}],"replies":[{"embeddable":true,"href":"https:\/\/primicias2262.com\/noticias\/wp-json\/wp\/v2\/comments?post=95400"}],"version-history":[{"count":0,"href":"https:\/\/primicias2262.com\/noticias\/wp-json\/wp\/v2\/posts\/95400\/revisions"}],"wp:attachment":[{"href":"https:\/\/primicias2262.com\/noticias\/wp-json\/wp\/v2\/media?parent=95400"}],"wp:term":[{"taxonomy":"category","embeddable":true,"href":"https:\/\/primicias2262.com\/noticias\/wp-json\/wp\/v2\/categories?post=95400"},{"taxonomy":"post_tag","embeddable":true,"href":"https:\/\/primicias2262.com\/noticias\/wp-json\/wp\/v2\/tags?post=95400"}],"curies":[{"name":"wp","href":"https:\/\/api.w.org\/{rel}","templated":true}]}}