{"id":95418,"date":"2022-11-21T16:21:58","date_gmt":"2022-11-21T19:21:58","guid":{"rendered":"https:\/\/primicias2262.com\/?p=95418"},"modified":"2022-11-21T16:21:58","modified_gmt":"2022-11-21T19:21:58","slug":"la-gente-ya-se-vuelca-a-comprar-protectores-solares-que-varian-de-2-mil-a-3-mil-pesos","status":"publish","type":"post","link":"https:\/\/primicias2262.com\/noticias\/la-gente-ya-se-vuelca-a-comprar-protectores-solares-que-varian-de-2-mil-a-3-mil-pesos\/","title":{"rendered":"La gente ya se vuelca a comprar protectores solares, que var\u00edan de 2 mil a 3 mil pesos"},"content":{"rendered":"<p>Mart\u00edn Zum\u00e1rraga, miembro del Colegio de Farmac\u00e9uticos de Necochea, inform\u00f3 en \u201cVoces de la Ciudad\u201d los diferentes valores de protectores solares y confirm\u00f3 ante los primeros calores que se van registrando que \u201cse not\u00f3 mucho el \u00faltimo viernes y el s\u00e1bado que la gente se acerc\u00f3 a comprar protectores\u201d.<\/p>\n<p>Ante la consulta del periodista Jorge G\u00f3mez, Zum\u00e1rraga aclar\u00f3 antes que nada que \u201ca los valores, tanto de protectores solares como de medicamentos, los fijan los laboratorios, no las farmacias, as\u00ed que ya viene el precio p\u00fablico de all\u00ed, y los valores m\u00e1s o menos han acompa\u00f1ado a la inflaci\u00f3n\u201d.<\/p>\n<p>Por ejemplo, \u201clos factores van de los muy bajos a los m\u00e1s altos, de los muy bajos arrancamos cerca de los 2 mil pesos, y despu\u00e9s est\u00e1n los envases familiares, factor 40 por ejemplo, que rondan los 3 mil pesos (los pueden usar desde ni\u00f1os de 7 a\u00f1os hasta grandes, no beb\u00e9s)\u201d.<\/p>\n<p>\u201cPara beb\u00e9s vienen espec\u00edficamente para ellos por el tipo de piel, aunque los precios son similares, y los deben usar hasta los 5 o 6 a\u00f1os, distinto del de los adultos\u201d, se\u00f1al\u00f3 el farmac\u00e9utico, para agregar que \u201cse deben aplicar los protectores a beb\u00e9s con edades mayor a los 6 meses y los valores son similares, entre 2500 y 3 mil pesos, aunque es un poco m\u00e1s elevado porque el tama\u00f1o es m\u00e1s chico pero la protecci\u00f3n es muy alta, factor 65 o 75\u201d.<\/p>\n<p>Adem\u00e1s, \u201calgunos protectores solares vienen en peque\u00f1as medidas, de 50 gramos&#8230; rondan los mil pesos y son \u00fatiles para personas que se movilizan pocos d\u00edas a la playa\u201d, acot\u00f3 Zum\u00e1rraga.<\/p>\n<p>Finalmente, aconsej\u00f3 utilizar el protector solar de manera adecuada, es decir, \u201ccolocarse 15 minutos antes de exponerse al sol, porque los 10 primeros minutos uno se pone al sol y despu\u00e9s de esos primeros minutos la piel se empieza a da\u00f1ar por los rayos solares, y hay que tener en cuenta que si uno va a estar mucho tiempo en la playa expuesto al sol hay que repetir, despu\u00e9s del ba\u00f1o en el agua hay que repetir la aplicaci\u00f3n y lo mismo a las dos horas de aplicado\u201d.<\/p>\n","protected":false},"excerpt":{"rendered":"<p>Mart\u00edn Zum\u00e1rraga, miembro del Colegio de Farmac\u00e9uticos de Necochea, inform\u00f3 en \u201cVoces de la Ciudad\u201d los diferentes valores de protectores solares y confirm\u00f3 ante los primeros calores que se van registrando que \u201cse not\u00f3 mucho el \u00faltimo viernes y el s\u00e1bado que la gente se acerc\u00f3 a comprar protectores\u201d. Ante la consulta del periodista Jorge [&hellip;]<\/p>\n","protected":false},"author":3,"featured_media":95419,"comment_status":"closed","ping_status":"closed","sticky":false,"template":"","format":"standard","meta":{"footnotes":""},"categories":[3],"tags":[],"class_list":["post-95418","post","type-post","status-publish","format-standard","has-post-thumbnail","category-masnoticias"],"_links":{"self":[{"href":"https:\/\/primicias2262.com\/noticias\/wp-json\/wp\/v2\/posts\/95418","targetHints":{"allow":["GET"]}}],"collection":[{"href":"https:\/\/primicias2262.com\/noticias\/wp-json\/wp\/v2\/posts"}],"about":[{"href":"https:\/\/primicias2262.com\/noticias\/wp-json\/wp\/v2\/types\/post"}],"author":[{"embeddable":true,"href":"https:\/\/primicias2262.com\/noticias\/wp-json\/wp\/v2\/users\/3"}],"replies":[{"embeddable":true,"href":"https:\/\/primicias2262.com\/noticias\/wp-json\/wp\/v2\/comments?post=95418"}],"version-history":[{"count":0,"href":"https:\/\/primicias2262.com\/noticias\/wp-json\/wp\/v2\/posts\/95418\/revisions"}],"wp:attachment":[{"href":"https:\/\/primicias2262.com\/noticias\/wp-json\/wp\/v2\/media?parent=95418"}],"wp:term":[{"taxonomy":"category","embeddable":true,"href":"https:\/\/primicias2262.com\/noticias\/wp-json\/wp\/v2\/categories?post=95418"},{"taxonomy":"post_tag","embeddable":true,"href":"https:\/\/primicias2262.com\/noticias\/wp-json\/wp\/v2\/tags?post=95418"}],"curies":[{"name":"wp","href":"https:\/\/api.w.org\/{rel}","templated":true}]}}