{"id":95421,"date":"2022-11-21T16:30:08","date_gmt":"2022-11-21T19:30:08","guid":{"rendered":"https:\/\/primicias2262.com\/?p=95421"},"modified":"2022-11-21T16:30:08","modified_gmt":"2022-11-21T19:30:08","slug":"presencia-necochense-en-el-plenario-provincial-del-movimiento-evita","status":"publish","type":"post","link":"https:\/\/primicias2262.com\/noticias\/presencia-necochense-en-el-plenario-provincial-del-movimiento-evita\/","title":{"rendered":"Presencia necochense en el plenario provincial del Movimiento Evita"},"content":{"rendered":"<p>D\u00edaz atr\u00e1s se desarroll\u00f3 en Ezeiza el plenario provincial\u00a0 del Movimiento Evita de la Provincia de Buenos Aires\u00a0 con sus responsables provinciales, Eduardo Ancona y Patricia Cubr\u00eda y su m\u00e1ximo responsable nacional, Emilio P\u00e9rsico.<\/p>\n<div dir=\"auto\">El lema de este a\u00f1o fue, \u00abEl Evita se pone la 10\u00bb estampado en cada una de las remeras de las y los asistentes.<\/div>\n<div dir=\"auto\">\n<div dir=\"auto\"><\/div>\n<div dir=\"auto\">Por la regional Lober\u00eda, Necochea y San Cayetano particip\u00f3 la responsable, Roc\u00edo Mateo, concejal suplente del Frente de Todos.<\/div>\n<div dir=\"auto\"><\/div>\n<div dir=\"auto\">\u00abEs fundamental tener estos encuentros que nos sirven para construir una estrategia pol\u00edtica de la que participemos todxs, democratizando decisiones y profundizando nuestro trabajo productivo, pol\u00edtico y social\u00bb expres\u00f3, Roc\u00edo Mateo.<\/div>\n<div dir=\"auto\"><\/div>\n<div dir=\"auto\">\u00abTenemos que seguir fortaleciendo cada municipio de Buenos Aires para frenar el avance del macrismo y las nuevas derechas, poniendo el cuerpo y el coraz\u00f3n en nuestros barrios para construir la patria que so\u00f1amos\u00bb, concluy\u00f3.<\/div>\n<\/div>\n","protected":false},"excerpt":{"rendered":"<p>D\u00edaz atr\u00e1s se desarroll\u00f3 en Ezeiza el plenario provincial\u00a0 del Movimiento Evita de la Provincia de Buenos Aires\u00a0 con sus responsables provinciales, Eduardo Ancona y Patricia Cubr\u00eda y su m\u00e1ximo responsable nacional, Emilio P\u00e9rsico. El lema de este a\u00f1o fue, \u00abEl Evita se pone la 10\u00bb estampado en cada una de las remeras de las [&hellip;]<\/p>\n","protected":false},"author":3,"featured_media":95422,"comment_status":"closed","ping_status":"closed","sticky":false,"template":"","format":"standard","meta":{"footnotes":""},"categories":[3],"tags":[],"class_list":["post-95421","post","type-post","status-publish","format-standard","has-post-thumbnail","category-masnoticias"],"_links":{"self":[{"href":"https:\/\/primicias2262.com\/noticias\/wp-json\/wp\/v2\/posts\/95421","targetHints":{"allow":["GET"]}}],"collection":[{"href":"https:\/\/primicias2262.com\/noticias\/wp-json\/wp\/v2\/posts"}],"about":[{"href":"https:\/\/primicias2262.com\/noticias\/wp-json\/wp\/v2\/types\/post"}],"author":[{"embeddable":true,"href":"https:\/\/primicias2262.com\/noticias\/wp-json\/wp\/v2\/users\/3"}],"replies":[{"embeddable":true,"href":"https:\/\/primicias2262.com\/noticias\/wp-json\/wp\/v2\/comments?post=95421"}],"version-history":[{"count":0,"href":"https:\/\/primicias2262.com\/noticias\/wp-json\/wp\/v2\/posts\/95421\/revisions"}],"wp:attachment":[{"href":"https:\/\/primicias2262.com\/noticias\/wp-json\/wp\/v2\/media?parent=95421"}],"wp:term":[{"taxonomy":"category","embeddable":true,"href":"https:\/\/primicias2262.com\/noticias\/wp-json\/wp\/v2\/categories?post=95421"},{"taxonomy":"post_tag","embeddable":true,"href":"https:\/\/primicias2262.com\/noticias\/wp-json\/wp\/v2\/tags?post=95421"}],"curies":[{"name":"wp","href":"https:\/\/api.w.org\/{rel}","templated":true}]}}