{"id":95433,"date":"2022-11-21T19:09:00","date_gmt":"2022-11-21T22:09:00","guid":{"rendered":"https:\/\/primicias2262.com\/?p=95433"},"modified":"2022-11-21T19:09:00","modified_gmt":"2022-11-21T22:09:00","slug":"facundo-lopez-deberia-ser-quien-convoque-a-la-unidad-del-frente-de-todos-en-necochea","status":"publish","type":"post","link":"https:\/\/primicias2262.com\/noticias\/facundo-lopez-deberia-ser-quien-convoque-a-la-unidad-del-frente-de-todos-en-necochea\/","title":{"rendered":"\u00abFacundo Lopez deberia ser quien convoque a la unidad del Frente de Todos en Necochea\u00bb"},"content":{"rendered":"<p><strong>El dirigente peronista Roberto G\u00f3mez sostuvo \u00abel Frente de Todos sigue muy atomizado en Necochea\u00bb y consider\u00f3 que \u00abse debe armar una mesa de unidad con una agenda de cinco o seis temas importantes para nuestro Distrito\u00bb.<\/strong><\/p>\n<p>En ese sentido, opin\u00f3 que esa mesa \u00abdebe ser convocada por (el ex intendente) Facundo L\u00f3pez porque fue el \u00fanico que gan\u00f3 una elecci\u00f3n en Necochea, porque algunos pueden estar de acuerdo con su gesti\u00f3n, otros no, pero nos parece que es una figura importante y representativa como para que re\u00fana aunque a las agrupaciones. Hoy estamos funcionando como podemos, en diez o doce pedazos, en los que estamos divididos\u00bb.<\/p>\n<p>\u00abTenemos la esperanza de que se puede mejorar, lo primero que hay que hacer es armar una agenda de temas importantes para el Distrito, que lamentablemente no est\u00e1n en el Concejo Deliberante ni tampoco lo vemos en la agenda del Ejecutivo Municipal, eso es lo preocupante, y nosotros creemos que el Frente de Todos puede interpelar a los vecinos con esos temas\u00bb, enfatiz\u00f3.<\/p>\n<p>Asimismo, se\u00f1al\u00f3 que \u00abcuando empezamos a tirar nombres de posibles precandidatos a precandidatas\u00a0 lo que hacemos es dividirnos m\u00e1s todav\u00eda. Ya estamos con una atomizaci\u00f3n muy grande como para que salgamos con nombres, eso ser\u00eda un error y m\u00e1s faltando un a\u00f1o para las elecciones\u00bb.<\/p>\n<p>Insisti\u00f3 en que \u00abser\u00eda muy importante ponernos de acuerdo con cinco o seis temas: el de la producci\u00f3n, el del trabajo, el puerto, el medio ambiente, el tema de los precios, con un mercado comunitario, porque no es menor el tema de la inflaci\u00f3n\u00bb.<\/p>\n<p>\u00abTenemos que hacer propuestas concretas, no solo criticar, porque eso es f\u00e1cil, tenemos que decir c\u00f3mo lo hago y que har\u00eda yo si estuviera en el Gobierno. Hacer ese ejercicio, convocar de nuevo a los t\u00e9cnicos, que hay muchos interesantes, compa\u00f1eros y compa\u00f1eras profesionales que tienen mucho para aportar, y ni en el PJ ni en las agrupaciones se los escucha\u00bb, recomend\u00f3.<\/p>\n<p>Sobre el tema, revel\u00f3 que \u00abtenemos una idea que venimos charlando con algunos compa\u00f1eros, que es la de tratar de buscar volver a la representatividad de los sectores y de los referentes que tenemos porque hay un un mont\u00f3n de nombres, m\u00e1s o menos representativos, con m\u00e1s o menos votos, con m\u00e1s o menos inserci\u00f3n en la comunidad, pero tenemos\u00bb.<\/p>\n<p>Sobre el presente del Frente de Todos en Necochea, G\u00f3mez indic\u00f3 que \u00abtenemos una especie de dispersi\u00f3n y nadie reconoce en el otro autoridad alguna. Yo tengo los m\u00edos, vos ten\u00e9s los tuyos, pero qui\u00e9n convoca\u00bb.<\/p>\n<p>\u00abCreo que tiene que haber primero una convocatoria, y repito que Facundo es el mas representativo. Y la otra cuesti\u00f3n es la agenda, son esos dos los temas: qui\u00e9n convoca, c\u00f3mo, y que agenda armamos. A partir de ah\u00ed tenemos que impulsar una mesa que reconozca a la militancia e integre a los sectores, los movimientos sociales, la CGT , la CTA, todos , que no se expulse a nadie \u00ab, puntualiz\u00f3 el dirigente gremial.<\/p>\n<p>Por otra parte, destac\u00f3 que \u00abel movimiento obrero organizado, que se ha unificado, es otro polo importante\u00bb y que dentro de ese sector \u00abtenemos dos concejales, una diputada provincial y la titular del Ministerio de Trabajo, que no es un dato menor\u00bb.<\/p>\n<p>Finaliz\u00f3 diciendo que \u00abel peronismo tiene que apostar a conducir y recuperar el poder en Necochea y para eso hay que trabajar mucho y hacerse cargo de las cosas que se han hecho mal. Tiene que haber PASO, salvo que nos pongamos de acuerdo y aparezca un compa\u00f1ero o una compa\u00f1era que sea mejor que el resto, que este en condiciones de ganarle a Arturo Rojas en 2023 \u00bb finalizo diciendo.<\/p>\n","protected":false},"excerpt":{"rendered":"<p>El dirigente peronista Roberto G\u00f3mez sostuvo \u00abel Frente de Todos sigue muy atomizado en Necochea\u00bb y consider\u00f3 que \u00abse debe armar una mesa de unidad con una agenda de cinco o seis temas importantes para nuestro Distrito\u00bb. En ese sentido, opin\u00f3 que esa mesa \u00abdebe ser convocada por (el ex intendente) Facundo L\u00f3pez porque fue [&hellip;]<\/p>\n","protected":false},"author":3,"featured_media":95434,"comment_status":"closed","ping_status":"closed","sticky":false,"template":"","format":"standard","meta":{"footnotes":""},"categories":[3],"tags":[],"class_list":["post-95433","post","type-post","status-publish","format-standard","has-post-thumbnail","category-masnoticias"],"_links":{"self":[{"href":"https:\/\/primicias2262.com\/noticias\/wp-json\/wp\/v2\/posts\/95433","targetHints":{"allow":["GET"]}}],"collection":[{"href":"https:\/\/primicias2262.com\/noticias\/wp-json\/wp\/v2\/posts"}],"about":[{"href":"https:\/\/primicias2262.com\/noticias\/wp-json\/wp\/v2\/types\/post"}],"author":[{"embeddable":true,"href":"https:\/\/primicias2262.com\/noticias\/wp-json\/wp\/v2\/users\/3"}],"replies":[{"embeddable":true,"href":"https:\/\/primicias2262.com\/noticias\/wp-json\/wp\/v2\/comments?post=95433"}],"version-history":[{"count":0,"href":"https:\/\/primicias2262.com\/noticias\/wp-json\/wp\/v2\/posts\/95433\/revisions"}],"wp:attachment":[{"href":"https:\/\/primicias2262.com\/noticias\/wp-json\/wp\/v2\/media?parent=95433"}],"wp:term":[{"taxonomy":"category","embeddable":true,"href":"https:\/\/primicias2262.com\/noticias\/wp-json\/wp\/v2\/categories?post=95433"},{"taxonomy":"post_tag","embeddable":true,"href":"https:\/\/primicias2262.com\/noticias\/wp-json\/wp\/v2\/tags?post=95433"}],"curies":[{"name":"wp","href":"https:\/\/api.w.org\/{rel}","templated":true}]}}