{"id":95448,"date":"2022-11-22T18:49:17","date_gmt":"2022-11-22T21:49:17","guid":{"rendered":"https:\/\/primicias2262.com\/?p=95448"},"modified":"2022-11-22T18:49:17","modified_gmt":"2022-11-22T21:49:17","slug":"hoy-lo-importante-es-sumar-desde-caproq-y-no-tengo-ganas-de-ser-candidato-a-intendente","status":"publish","type":"post","link":"https:\/\/primicias2262.com\/noticias\/hoy-lo-importante-es-sumar-desde-caproq-y-no-tengo-ganas-de-ser-candidato-a-intendente\/","title":{"rendered":"\u201cHoy lo importante es sumar desde CAPROQ y no tengo ganas de ser candidato a Intendente\u201d"},"content":{"rendered":"<p>As\u00ed lo expres\u00f3 el presidente de la C\u00e1mara de Profesionales de Puerto Quequ\u00e9n, Mario Goicoechea, durante una nota en \u201cVoces de la Ciudad\u201d, luego de algunos dichos de allegados que lo proponen como pre candidato a intendente de Necochea en 2023.<\/p>\n<p>Ante la pregunta obligada del periodista Jorge G\u00f3mez, Goicoechea se\u00f1al\u00f3 que \u201ccuando ten\u00e9s inquietudes por la ciudad surgen estas cosas, y por ahora dijimos de pensarlo porque creo que como estamos trabajando para la ciudad desde la c\u00e1mara no es necesario ser candidato a nada, lo importante es sumar al que est\u00e9, esa es la idea\u201d.<\/p>\n<p>Es m\u00e1s, profundiz\u00f3 que \u201cen un momento quise ser intendente y lo intent\u00e9, y ahora quiz\u00e1 no es el momento\u2026 m\u00e1s que nada por la familia, el trabajo y la CAPROQ\u201d, aunque desliz\u00f3 que \u201cnunca hay que cerrar las puertas a las expectativas, as\u00ed que dijimos vayamos viendo c\u00f3mo se desarrollan las cosas\u201d.<\/p>\n<p>En ese contexto, asegur\u00f3 el \u201cVasco\u201d que \u201cyo estoy c\u00f3modo actualmente, colaborando como pueda, sumando desde estamos hoy y si hay alg\u00fan cambio lo veremos m\u00e1s adelante\u201d, y ampli\u00f3: \u201cLo cierto es que pesa mucho la familia y los tiempos, no estoy en el mejor momento para eso porque tengo ganas de estar un poco m\u00e1s tranquilo, pero si es para ayudar a la ciudad uno no puede decir que no, as\u00ed que dej\u00e9moslo en stand by y veremos c\u00f3mo se desarrollan las cosas\u201d.<\/p>\n<p>Por lo pronto, \u201choy lo importante es sumar desde la CAPROQ y no tengo ganas de ser candidato ni ser intendente, pero le digo a los compa\u00f1eros que hay que seguir sumando, mirando para adelante y que trabajemos para que la ciudad est\u00e9 mejor\u201d, insisti\u00f3.<\/p>\n<p>En cuanto a la gesti\u00f3n actual, Goicoechea hizo el siguiente an\u00e1lisis: \u201cCreo que Arturo (Rojas) hizo una gesti\u00f3n ordenada y es muy meritorio, disciplin\u00f3 las cuentas que es muy importante y hoy los trabajadores municipales cobran en fecha y hay un mejor mantenimiento de los servicios, y eso es un salto de calidad, pero tom\u00e9 distancia de la gesti\u00f3n porque hay que empezar a tener una mirada m\u00e1s a largo plazo\u201d.<\/p>\n<p>En tal sentido, aclar\u00f3 que \u201cno quiero sacar m\u00e9rito a lo que hizo Arturo, pero ahora ordenadas las cuentas hay que empezar a charlar temas m\u00e1s profundos, ver c\u00f3mo vamos a resolver ciertos temas, por ejemplo el del Casino, que es como tener una espina clavada en el tal\u00f3n, y otros temas que necesitan planificaci\u00f3n. Son temas que seguramente Arturo los tiene en cuenta, hay que sentarse y encontrar el camino. Los ciclos pol\u00edticos son tan cortos que despu\u00e9s te qued\u00e1s sin tiempo de solucionar los grandes temas\u201d, culmin\u00f3.<\/p>\n","protected":false},"excerpt":{"rendered":"<p>As\u00ed lo expres\u00f3 el presidente de la C\u00e1mara de Profesionales de Puerto Quequ\u00e9n, Mario Goicoechea, durante una nota en \u201cVoces de la Ciudad\u201d, luego de algunos dichos de allegados que lo proponen como pre candidato a intendente de Necochea en 2023. Ante la pregunta obligada del periodista Jorge G\u00f3mez, Goicoechea se\u00f1al\u00f3 que \u201ccuando ten\u00e9s inquietudes [&hellip;]<\/p>\n","protected":false},"author":3,"featured_media":95449,"comment_status":"closed","ping_status":"closed","sticky":false,"template":"","format":"standard","meta":{"footnotes":""},"categories":[3],"tags":[],"class_list":["post-95448","post","type-post","status-publish","format-standard","has-post-thumbnail","category-masnoticias"],"_links":{"self":[{"href":"https:\/\/primicias2262.com\/noticias\/wp-json\/wp\/v2\/posts\/95448","targetHints":{"allow":["GET"]}}],"collection":[{"href":"https:\/\/primicias2262.com\/noticias\/wp-json\/wp\/v2\/posts"}],"about":[{"href":"https:\/\/primicias2262.com\/noticias\/wp-json\/wp\/v2\/types\/post"}],"author":[{"embeddable":true,"href":"https:\/\/primicias2262.com\/noticias\/wp-json\/wp\/v2\/users\/3"}],"replies":[{"embeddable":true,"href":"https:\/\/primicias2262.com\/noticias\/wp-json\/wp\/v2\/comments?post=95448"}],"version-history":[{"count":0,"href":"https:\/\/primicias2262.com\/noticias\/wp-json\/wp\/v2\/posts\/95448\/revisions"}],"wp:attachment":[{"href":"https:\/\/primicias2262.com\/noticias\/wp-json\/wp\/v2\/media?parent=95448"}],"wp:term":[{"taxonomy":"category","embeddable":true,"href":"https:\/\/primicias2262.com\/noticias\/wp-json\/wp\/v2\/categories?post=95448"},{"taxonomy":"post_tag","embeddable":true,"href":"https:\/\/primicias2262.com\/noticias\/wp-json\/wp\/v2\/tags?post=95448"}],"curies":[{"name":"wp","href":"https:\/\/api.w.org\/{rel}","templated":true}]}}