{"id":95451,"date":"2022-11-22T18:51:48","date_gmt":"2022-11-22T21:51:48","guid":{"rendered":"https:\/\/primicias2262.com\/?p=95451"},"modified":"2022-11-22T18:51:48","modified_gmt":"2022-11-22T21:51:48","slug":"hubo-uba-ocupacion-de-mas-del-70-durante-el-fin-de-semana-largo","status":"publish","type":"post","link":"https:\/\/primicias2262.com\/noticias\/hubo-uba-ocupacion-de-mas-del-70-durante-el-fin-de-semana-largo\/","title":{"rendered":"Hubo una ocupaci\u00f3n de m\u00e1s del 70% durante el fin de semana largo"},"content":{"rendered":"<p><strong>Seg\u00fan la Secretar\u00eda de Turismo y Desarrollo Productivo, quien ya hab\u00eda anunciado un n\u00famero muy parecido en la previa del fin de semana largo. Se tom\u00f3 la ocupaci\u00f3n hotelera entre el mi\u00e9rcoles y ayer, con picos a partir del s\u00e1bado. El 74% es un n\u00famero m\u00e1s que favorable a pesar del clima lluvioso y fr\u00edo<\/strong><\/p>\n<p>La Secretar\u00eda de Turismo y Desarrollo Productivo, a cargo de Mat\u00edas Sierra, informa que se cumpli\u00f3 con lo anunciado y durante el fin de semana largo, tomando desde el mi\u00e9rcoles pasado hasta el lunes inclusive, hubo una ocupaci\u00f3n en la ciudad del 74%, con un pico m\u00e1ximo del 79%.<\/p>\n<p>En este marco, entre el viernes y el lunes se alcanz\u00f3 la mayor faena, con un 100% de ocupaci\u00f3n en el \u00fanico hotel 4 estrellas que ofrece el distrito para el turismo. En general, y tomando los seis d\u00edas, en hoteles 3 estrellas hubo alrededor de un 74 % de presencia for\u00e1nea, en dos estrellas, 62% y en alojamientos 1 estrella un bajo 47 por ciento.<\/p>\n<p>Asimismo, donde tambi\u00e9n se observ\u00f3 buena presencia tur\u00edstica fue en caba\u00f1as y hoteles gremiales, con 83% y 90 por ciento respectivamente, mientras que en aparts hoteles hubo ocupaci\u00f3n por encima del 70.<\/p>\n<p>Estos n\u00fameros alcanzados, vale decir, son m\u00e1s que aceptables para el sector hotelero, dado que el clima fue totalmente adverso, con jornadas lluviosas y fr\u00edas.<\/p>\n","protected":false},"excerpt":{"rendered":"<p>Seg\u00fan la Secretar\u00eda de Turismo y Desarrollo Productivo, quien ya hab\u00eda anunciado un n\u00famero muy parecido en la previa del fin de semana largo. Se tom\u00f3 la ocupaci\u00f3n hotelera entre el mi\u00e9rcoles y ayer, con picos a partir del s\u00e1bado. El 74% es un n\u00famero m\u00e1s que favorable a pesar del clima lluvioso y fr\u00edo [&hellip;]<\/p>\n","protected":false},"author":3,"featured_media":83873,"comment_status":"closed","ping_status":"closed","sticky":false,"template":"","format":"standard","meta":{"footnotes":""},"categories":[3],"tags":[],"class_list":["post-95451","post","type-post","status-publish","format-standard","has-post-thumbnail","category-masnoticias"],"_links":{"self":[{"href":"https:\/\/primicias2262.com\/noticias\/wp-json\/wp\/v2\/posts\/95451","targetHints":{"allow":["GET"]}}],"collection":[{"href":"https:\/\/primicias2262.com\/noticias\/wp-json\/wp\/v2\/posts"}],"about":[{"href":"https:\/\/primicias2262.com\/noticias\/wp-json\/wp\/v2\/types\/post"}],"author":[{"embeddable":true,"href":"https:\/\/primicias2262.com\/noticias\/wp-json\/wp\/v2\/users\/3"}],"replies":[{"embeddable":true,"href":"https:\/\/primicias2262.com\/noticias\/wp-json\/wp\/v2\/comments?post=95451"}],"version-history":[{"count":0,"href":"https:\/\/primicias2262.com\/noticias\/wp-json\/wp\/v2\/posts\/95451\/revisions"}],"wp:attachment":[{"href":"https:\/\/primicias2262.com\/noticias\/wp-json\/wp\/v2\/media?parent=95451"}],"wp:term":[{"taxonomy":"category","embeddable":true,"href":"https:\/\/primicias2262.com\/noticias\/wp-json\/wp\/v2\/categories?post=95451"},{"taxonomy":"post_tag","embeddable":true,"href":"https:\/\/primicias2262.com\/noticias\/wp-json\/wp\/v2\/tags?post=95451"}],"curies":[{"name":"wp","href":"https:\/\/api.w.org\/{rel}","templated":true}]}}