{"id":95487,"date":"2022-11-24T12:42:59","date_gmt":"2022-11-24T15:42:59","guid":{"rendered":"https:\/\/primicias2262.com\/?p=95487"},"modified":"2022-11-24T12:42:59","modified_gmt":"2022-11-24T15:42:59","slug":"el-sabado-se-inaugura-una-muestra-de-obras-ineditas-de-adolfo-bellocq","status":"publish","type":"post","link":"https:\/\/primicias2262.com\/noticias\/el-sabado-se-inaugura-una-muestra-de-obras-ineditas-de-adolfo-bellocq\/","title":{"rendered":"El s\u00e1bado se inaugura una muestra de obras in\u00e9ditas de Adolfo Bellocq"},"content":{"rendered":"<p>El Centro Cultural Necochea Biblioteca Popular Andr\u00e9s Ferreyra (CCN\/BPAF)dio a conocer\u00a0 las actividades organizadas para los pr\u00f3ximos d\u00edas que incluyen un abanico de propuestas para todos los p\u00fablicos, con entradas gratis o a precios accesibles.<\/p>\n<p><strong><em><u>S\u00e1bado 26 de noviembre: <\/u><\/em><\/strong><\/p>\n<p><strong>Inauguraci\u00f3n de la muestra y conversatorio<\/strong> \u201c<strong>Adolfo Bellocq<\/strong>, <strong>ilustrador de libros de bibli\u00f3filo\u201d.<\/strong> <strong>A las 19:30 horas<\/strong>. Se trata de obras que por primera vez ser\u00e1n exhibidas desde que fueron donadas por Martha Bassi de Bellocq en 1974.\u00a0 La muestra ser\u00e1 un recorrido de la producci\u00f3n de Adolfo Bellocq como ilustrador donde habr\u00e1 xilograf\u00edas realizadas para el Mart\u00edn Fierro, El Matadero, Historias de Arrabal y Tierra de Matreros entre otras. En el marco de los 50 a\u00f1os de su legado.<br \/>\nEstar\u00e1 presente Ariel Fleischer, encargado de brindar la charla.<\/p>\n<p><em>Entrada libre y gratuita. Sala Pedro Arozarena.<\/em><\/p>\n<p><strong>&#8211; Presentaci\u00f3n en vivo de Dolores Sol\u00e1<\/strong>. A las <strong>21:00 horas<\/strong>. En el marco del programa 100&#215;100 + Cultura. La cantautora, quien estar\u00e1 acompa\u00f1ada por dos guitarristas, interpretar\u00e1 canciones escritas por ella, con m\u00fasica propia y repasar\u00e1 viejos cl\u00e1sicos. Para los espectadores ser\u00e1 adem\u00e1s la oportunidad de asomarse a su segundo disco, que se lanzar\u00eda\u00a0 este mismo a\u00f1o. Dolores Sol\u00e1 se hizo popularmente conocida siendo la voz de\u00a0\u00abLa Chicana\u00bb, un grupo de tango formado a mediados de los noventa junto a Acho Estol y Juan Valverde.<\/p>\n<p><em>Entradas socios 1200$. No socios 1800$. Auditorio<\/em><\/p>\n","protected":false},"excerpt":{"rendered":"<p>El Centro Cultural Necochea Biblioteca Popular Andr\u00e9s Ferreyra (CCN\/BPAF)dio a conocer\u00a0 las actividades organizadas para los pr\u00f3ximos d\u00edas que incluyen un abanico de propuestas para todos los p\u00fablicos, con entradas gratis o a precios accesibles. S\u00e1bado 26 de noviembre: Inauguraci\u00f3n de la muestra y conversatorio \u201cAdolfo Bellocq, ilustrador de libros de bibli\u00f3filo\u201d. A las 19:30 [&hellip;]<\/p>\n","protected":false},"author":3,"featured_media":95488,"comment_status":"closed","ping_status":"closed","sticky":false,"template":"","format":"standard","meta":{"footnotes":""},"categories":[3],"tags":[],"class_list":["post-95487","post","type-post","status-publish","format-standard","has-post-thumbnail","category-masnoticias"],"_links":{"self":[{"href":"https:\/\/primicias2262.com\/noticias\/wp-json\/wp\/v2\/posts\/95487","targetHints":{"allow":["GET"]}}],"collection":[{"href":"https:\/\/primicias2262.com\/noticias\/wp-json\/wp\/v2\/posts"}],"about":[{"href":"https:\/\/primicias2262.com\/noticias\/wp-json\/wp\/v2\/types\/post"}],"author":[{"embeddable":true,"href":"https:\/\/primicias2262.com\/noticias\/wp-json\/wp\/v2\/users\/3"}],"replies":[{"embeddable":true,"href":"https:\/\/primicias2262.com\/noticias\/wp-json\/wp\/v2\/comments?post=95487"}],"version-history":[{"count":0,"href":"https:\/\/primicias2262.com\/noticias\/wp-json\/wp\/v2\/posts\/95487\/revisions"}],"wp:attachment":[{"href":"https:\/\/primicias2262.com\/noticias\/wp-json\/wp\/v2\/media?parent=95487"}],"wp:term":[{"taxonomy":"category","embeddable":true,"href":"https:\/\/primicias2262.com\/noticias\/wp-json\/wp\/v2\/categories?post=95487"},{"taxonomy":"post_tag","embeddable":true,"href":"https:\/\/primicias2262.com\/noticias\/wp-json\/wp\/v2\/tags?post=95487"}],"curies":[{"name":"wp","href":"https:\/\/api.w.org\/{rel}","templated":true}]}}