{"id":95490,"date":"2022-11-24T14:24:52","date_gmt":"2022-11-24T17:24:52","guid":{"rendered":"https:\/\/primicias2262.com\/?p=95490"},"modified":"2022-11-24T14:24:52","modified_gmt":"2022-11-24T17:24:52","slug":"desde-la-uatre-desmintieron-que-voytenco-este-profugo","status":"publish","type":"post","link":"https:\/\/primicias2262.com\/noticias\/desde-la-uatre-desmintieron-que-voytenco-este-profugo\/","title":{"rendered":"Desde la UATRE desmintieron que Voytenco est\u00e9 pr\u00f3fugo"},"content":{"rendered":"<p class=\"has-medium-font-size\"><strong>Desde el gremio de peones rurales UATRE desmintieron que Jos\u00e9 Voytenco se encuentre pr\u00f3fugo y explicaron que hubo un pedido de allanamiento sobre 5 l\u00edneas de tel\u00e9fono, entre las que no se encontraba la del secretario General. Denunciaron un intento de \u00abdesestabilizar\u00bb el gremio y la utilizaci\u00f3n pol\u00edtica de un hecho delictivo.<\/strong><\/p>\n<p>La Uni\u00f3n Argentina de Trabajadores Rurales y Estibadores (UATRE)\u00a0<strong>desminti\u00f3 que Jos\u00e9 Voytenco, su secretario General, se encuentre pr\u00f3fugo de la justicia<\/strong>\u00a0como se\u00f1alaron algunos medios y aclar\u00f3 que estuvo cumpliendo sus funciones normalmente.<\/p>\n<p>Seg\u00fan explicaron a InfoGremiales desde el entorno de Voytenco, en la jornada de ayer el dirigente tuvo reuniones con pares del gremio y con dirigentes del Renatre.<\/p>\n<p>Tambi\u00e9n explicaron que a las oficinas de la calle Reconquista lleg\u00f3 u<strong>na orden de allanamiento de la justicia sobre 5 l\u00edneas telef\u00f3nicas<\/strong>\u00a0pertenecientes a la organizaci\u00f3n, pero\u00a0<strong>ninguna de ellas era la del secretario General.<\/strong>\u00a0Tampoco se encontraba en ese listado el tel\u00e9fono del abogado Marcelo Urban que no es parte de la estructura sindical.<\/p>\n<p>La decisi\u00f3n la tom\u00f3 la\u00a0<strong>fiscal Magdalena Brandt<\/strong>, a cargo de la\u00a0<strong>UFI N\u00b01 descentralizada en Col\u00f3n<\/strong>. Se dio en el marco de la investigaci\u00f3n del asesinato del chofer\u00a0<strong>Mauricio Cordara<\/strong>, de 45 a\u00f1os\u00a0y quien trabajaba para\u00a0<strong>Pablo Ansaloni<\/strong>, actual vicepresidente de la obra social del sindicato y ex diputado nacional.<\/p>\n<p>\u00abLa fiscal\u00eda est\u00e1 actuando como suele ocurrir de rutina en estas circunstancias\u00bb, explicaron fuentes del gremio. \u00ab<strong>No hay nada que relacione lo ocurrido con la UATRE. S\u00f3lo est\u00e1n descartando esa l\u00ednea de investigaci\u00f3n\u00bb.<\/strong><\/p>\n<p>El hecho ocurri\u00f3 el viernes pasado, cerca de las 17, cuando\u00a0Cordara busc\u00f3 a los hijos del dirigente en el colegio al que asisten y fue acribillado por al menos un hombre en la calle 20 entre 43 y 44.<\/p>\n<p><strong>\u00abNo estoy pr\u00f3fugo de la justicia<\/strong>, como falazmente lo publica alg\u00fan medio, por el contrario me encuentro a disposici\u00f3n de la justicia, como siempre lo he estado\u00bb, tuite\u00f3 Voyenco para desmentir las versiones que circularon.<\/p>\n<p><strong>\u00abEs muy bajo que est\u00e9n utilizando el crimen de un compa\u00f1ero para tratar de sacar una tajada pol\u00edtica.<\/strong>\u00a0Estas maniobras que buscan desestabilizarnos muestran que nos enfrentamos a lo m\u00e1s oscuro. No van a detenernos. Vamos a seguir adelante\u00bb, agreg\u00f3.<\/p>\n","protected":false},"excerpt":{"rendered":"<p>Desde el gremio de peones rurales UATRE desmintieron que Jos\u00e9 Voytenco se encuentre pr\u00f3fugo y explicaron que hubo un pedido de allanamiento sobre 5 l\u00edneas de tel\u00e9fono, entre las que no se encontraba la del secretario General. Denunciaron un intento de \u00abdesestabilizar\u00bb el gremio y la utilizaci\u00f3n pol\u00edtica de un hecho delictivo. La Uni\u00f3n Argentina [&hellip;]<\/p>\n","protected":false},"author":3,"featured_media":95491,"comment_status":"closed","ping_status":"closed","sticky":false,"template":"","format":"standard","meta":{"footnotes":""},"categories":[3],"tags":[],"class_list":["post-95490","post","type-post","status-publish","format-standard","has-post-thumbnail","category-masnoticias"],"_links":{"self":[{"href":"https:\/\/primicias2262.com\/noticias\/wp-json\/wp\/v2\/posts\/95490","targetHints":{"allow":["GET"]}}],"collection":[{"href":"https:\/\/primicias2262.com\/noticias\/wp-json\/wp\/v2\/posts"}],"about":[{"href":"https:\/\/primicias2262.com\/noticias\/wp-json\/wp\/v2\/types\/post"}],"author":[{"embeddable":true,"href":"https:\/\/primicias2262.com\/noticias\/wp-json\/wp\/v2\/users\/3"}],"replies":[{"embeddable":true,"href":"https:\/\/primicias2262.com\/noticias\/wp-json\/wp\/v2\/comments?post=95490"}],"version-history":[{"count":0,"href":"https:\/\/primicias2262.com\/noticias\/wp-json\/wp\/v2\/posts\/95490\/revisions"}],"wp:attachment":[{"href":"https:\/\/primicias2262.com\/noticias\/wp-json\/wp\/v2\/media?parent=95490"}],"wp:term":[{"taxonomy":"category","embeddable":true,"href":"https:\/\/primicias2262.com\/noticias\/wp-json\/wp\/v2\/categories?post=95490"},{"taxonomy":"post_tag","embeddable":true,"href":"https:\/\/primicias2262.com\/noticias\/wp-json\/wp\/v2\/tags?post=95490"}],"curies":[{"name":"wp","href":"https:\/\/api.w.org\/{rel}","templated":true}]}}