{"id":95526,"date":"2022-11-25T17:44:47","date_gmt":"2022-11-25T20:44:47","guid":{"rendered":"https:\/\/primicias2262.com\/?p=95526"},"modified":"2022-11-25T17:44:47","modified_gmt":"2022-11-25T20:44:47","slug":"el-movimiento-evita-presento-el-informe-socio-sanitario-de-necochea","status":"publish","type":"post","link":"https:\/\/primicias2262.com\/noticias\/el-movimiento-evita-presento-el-informe-socio-sanitario-de-necochea\/","title":{"rendered":"El Movimiento Evita present\u00f3 el informe socio sanitario de Necochea"},"content":{"rendered":"<div dir=\"auto\">La Secretar\u00eda de Salud del Movimiento Evita realiz\u00f3 en su sede de calle 67 N\u00b0 2538 la presentaci\u00f3n de las estad\u00edsticas sociales y de salud, resultado del relevamiento en barrios realizado en Necochea y Quequ\u00e9n a m\u00e1s de 600 viviendas durante los a\u00f1os 2021 y 2022.<\/div>\n<div dir=\"auto\"><\/div>\n<div dir=\"auto\">Las encuestas fueron realizadas por\u00a0promotoras de salud del Programa El Barrio Cuida al Barrio a cargo de Carola Ruth Suarez, responsable de la Secretar\u00eda de Salud del Movimiento Evita durante buena parte de la pandemia de covid 19.<\/div>\n<div dir=\"auto\"><\/div>\n<div dir=\"auto\">La presentaci\u00f3n y lectura de los gr\u00e1ficos estad\u00edsticos estuvo a cargo de Carola Suarez (Salud Evita), Violeta Perez Rosso (Mujeres Evita) y Luciano Lescano (Responsable\u00a0del Movimiento Evita) donde mantuvieron un debate abierto de preguntas y respuestas que destacaron datos importantes como que un 41% de las viviendas encuestadas posee a uno o m\u00e1s de sus ocupantes en tratamiento m\u00e9dico y toma medicaci\u00f3n un 50,4%.<\/div>\n<div>Sobre el servicio de Salud destacaron que el 72,7% de los encuestados\/as se atiende en hospitales p\u00fablicos o centros de salud; que el 57% posee\u00a0 obra social.<\/div>\n<div>Un \u00edtem a destacar por el Movimiento Evita y por el cual han recabado\u00a0firmas y\u00a0 realizado presentaciones a la Secretar\u00eda Municipal de Salud y al Honorable Concejo Deliberante, son las falencias del Servicio P\u00fablico de salud. Como principal problem\u00e1tica sobresalen en primer lugar, la falta o demora de turnos, la falta de especialistas, la falta de insumos y por \u00faltimo, la carencia de informaci\u00f3n sobre el servicio.<\/div>\n<div dir=\"auto\"><\/div>\n<div dir=\"auto\">Participaron de la presentaci\u00f3n miembros de la Agrupaci\u00f3n Comunal Transformadora, la responsable de UTEP Evita, Patricia Aranda, Roc\u00edo Mateo,responsable del Movimiento Evita y concejal suplente del Frente de Todxs y Mario Luciano Cardoni, responsable de Formaci\u00f3n Pol\u00edtica de la 5\u00b0 Secci\u00f3n Electoral.<\/div>\n<div dir=\"auto\"><\/div>\n<div>Como conclusi\u00f3n final destacaron la necesidad de que sea el Estado Municipal el que cuente con datos para llevar adelante pol\u00edticas p\u00fablicas y se comprometieron a compartir los datos con el Departamento Ejecutivo y Legislativo local, como as\u00ed tambi\u00e9n\u00a0con quienes los soliciten.<\/div>\n","protected":false},"excerpt":{"rendered":"<p>La Secretar\u00eda de Salud del Movimiento Evita realiz\u00f3 en su sede de calle 67 N\u00b0 2538 la presentaci\u00f3n de las estad\u00edsticas sociales y de salud, resultado del relevamiento en barrios realizado en Necochea y Quequ\u00e9n a m\u00e1s de 600 viviendas durante los a\u00f1os 2021 y 2022. Las encuestas fueron realizadas por\u00a0promotoras de salud del Programa [&hellip;]<\/p>\n","protected":false},"author":3,"featured_media":95527,"comment_status":"closed","ping_status":"closed","sticky":false,"template":"","format":"standard","meta":{"footnotes":""},"categories":[3],"tags":[],"class_list":["post-95526","post","type-post","status-publish","format-standard","has-post-thumbnail","category-masnoticias"],"_links":{"self":[{"href":"https:\/\/primicias2262.com\/noticias\/wp-json\/wp\/v2\/posts\/95526","targetHints":{"allow":["GET"]}}],"collection":[{"href":"https:\/\/primicias2262.com\/noticias\/wp-json\/wp\/v2\/posts"}],"about":[{"href":"https:\/\/primicias2262.com\/noticias\/wp-json\/wp\/v2\/types\/post"}],"author":[{"embeddable":true,"href":"https:\/\/primicias2262.com\/noticias\/wp-json\/wp\/v2\/users\/3"}],"replies":[{"embeddable":true,"href":"https:\/\/primicias2262.com\/noticias\/wp-json\/wp\/v2\/comments?post=95526"}],"version-history":[{"count":0,"href":"https:\/\/primicias2262.com\/noticias\/wp-json\/wp\/v2\/posts\/95526\/revisions"}],"wp:attachment":[{"href":"https:\/\/primicias2262.com\/noticias\/wp-json\/wp\/v2\/media?parent=95526"}],"wp:term":[{"taxonomy":"category","embeddable":true,"href":"https:\/\/primicias2262.com\/noticias\/wp-json\/wp\/v2\/categories?post=95526"},{"taxonomy":"post_tag","embeddable":true,"href":"https:\/\/primicias2262.com\/noticias\/wp-json\/wp\/v2\/tags?post=95526"}],"curies":[{"name":"wp","href":"https:\/\/api.w.org\/{rel}","templated":true}]}}