{"id":95529,"date":"2022-11-25T17:49:35","date_gmt":"2022-11-25T20:49:35","guid":{"rendered":"https:\/\/primicias2262.com\/?p=95529"},"modified":"2022-11-25T17:49:35","modified_gmt":"2022-11-25T20:49:35","slug":"charla-con-integrantes-del-programa-de-atencion-integral-con-cannabis-medicinal","status":"publish","type":"post","link":"https:\/\/primicias2262.com\/noticias\/charla-con-integrantes-del-programa-de-atencion-integral-con-cannabis-medicinal\/","title":{"rendered":"Charla con integrantes del Programa de Atenci\u00f3n Integral con Cannabis Medicinal"},"content":{"rendered":"<div>El pr\u00f3ximo jueves 1 de diciembre\u00a0 a las 18hs en el Centro Cultural de Necochea &#8211; Biblioteca Popular Andr\u00e9s Ferreyra (CCN-BPAF), se realizar\u00e1 una charla con integrantes del Programa P\u00fablico de Atenci\u00f3n Integral con Cannabis medicinal de San Vicente.<\/div>\n<div><\/div>\n<div>El Programa est\u00e1 compuesto por un equipo interdisciplinario con el prop\u00f3sito de mejorar la calidad de vida de las personas, a trav\u00e9s de la atenci\u00f3n integral con cannabis y otros tratamientos, generando actividades de docencia, investigaci\u00f3n, educaci\u00f3n para la salud, prevenci\u00f3n, as\u00ed como talleres de cultivo y elaboraci\u00f3n de aceites en el hospital para usuarixs del Programa, y jornadas sobre cultivo abiertas a la comunidad.<\/div>\n<div>\n<div>\nLa iniciativa se enmarca en lo establecido por la Ley 27.350 que cre\u00f3 el Programa Nacional para el Estudio e Investigaci\u00f3n del Uso Medicinal, terap\u00e9utico y\/o paliativo del dolor del Cannabis, normativa a la que la Provincia adhiri\u00f3 mediante la Ley 14.924.<\/div>\n<div><\/div>\n<div>Son integrantes del Programa: Romina Montiel y Marina Elichiry, ambas m\u00e9dicas generalistas y paliativistas, Constanza Canali, trabajadora social, y Guillermo Maciel, psic\u00f3logo social.<\/div>\n<div><\/div>\n<div><strong>Contexto hist\u00f3rico\u00a0<\/strong><\/div>\n<\/div>\n<div>\n<div>\n<div>En 2017 se sanciona la ley para investigaci\u00f3n del uso medicinal de cannabis, y en 2020 cambia la reglamentaci\u00f3n mejorando las condiciones para el acceso por cualquier tipo de dolencia potencialmente tratable con cannabis.<\/p>\n<p>En San Vicente en 2019 a ra\u00edz de las demandas de organizaciones y activistas se sanciona una ordenanza sobre Cannabis que crea el Programa.<\/p>\n<p>A trav\u00e9s de estas actividades y de la vinculaci\u00f3n al Reprocann\u00a0(\u00a0Registro nacional de personas autorizadas al cultivo controlado con fines medicinales y\/o terap\u00e9uticos )\u00a0se promueve el autocultivo seguro, controlado, y se difunden conocimientos sobre elaboraci\u00f3n de aceites y otros derivados, de manera natural, org\u00e1nica y con creaci\u00f3n de conocimientos colectivos<\/p><\/div>\n<div><\/div>\n<div>La actividad es organizada por Basta de Fumigarnos Necochea-Quequ\u00e9n<\/div>\n<\/div>\n<\/div>\n<div>\n<div><\/div>\n<\/div>\n","protected":false},"excerpt":{"rendered":"<p>El pr\u00f3ximo jueves 1 de diciembre\u00a0 a las 18hs en el Centro Cultural de Necochea &#8211; Biblioteca Popular Andr\u00e9s Ferreyra (CCN-BPAF), se realizar\u00e1 una charla con integrantes del Programa P\u00fablico de Atenci\u00f3n Integral con Cannabis medicinal de San Vicente. El Programa est\u00e1 compuesto por un equipo interdisciplinario con el prop\u00f3sito de mejorar la calidad de [&hellip;]<\/p>\n","protected":false},"author":3,"featured_media":95530,"comment_status":"closed","ping_status":"closed","sticky":false,"template":"","format":"standard","meta":{"footnotes":""},"categories":[3],"tags":[],"class_list":["post-95529","post","type-post","status-publish","format-standard","has-post-thumbnail","category-masnoticias"],"_links":{"self":[{"href":"https:\/\/primicias2262.com\/noticias\/wp-json\/wp\/v2\/posts\/95529","targetHints":{"allow":["GET"]}}],"collection":[{"href":"https:\/\/primicias2262.com\/noticias\/wp-json\/wp\/v2\/posts"}],"about":[{"href":"https:\/\/primicias2262.com\/noticias\/wp-json\/wp\/v2\/types\/post"}],"author":[{"embeddable":true,"href":"https:\/\/primicias2262.com\/noticias\/wp-json\/wp\/v2\/users\/3"}],"replies":[{"embeddable":true,"href":"https:\/\/primicias2262.com\/noticias\/wp-json\/wp\/v2\/comments?post=95529"}],"version-history":[{"count":0,"href":"https:\/\/primicias2262.com\/noticias\/wp-json\/wp\/v2\/posts\/95529\/revisions"}],"wp:attachment":[{"href":"https:\/\/primicias2262.com\/noticias\/wp-json\/wp\/v2\/media?parent=95529"}],"wp:term":[{"taxonomy":"category","embeddable":true,"href":"https:\/\/primicias2262.com\/noticias\/wp-json\/wp\/v2\/categories?post=95529"},{"taxonomy":"post_tag","embeddable":true,"href":"https:\/\/primicias2262.com\/noticias\/wp-json\/wp\/v2\/tags?post=95529"}],"curies":[{"name":"wp","href":"https:\/\/api.w.org\/{rel}","templated":true}]}}