{"id":95532,"date":"2022-11-25T17:54:22","date_gmt":"2022-11-25T20:54:22","guid":{"rendered":"https:\/\/primicias2262.com\/?p=95532"},"modified":"2022-11-25T17:54:22","modified_gmt":"2022-11-25T20:54:22","slug":"la-guardia-del-hospital-ferreyra-cuenta-con-ocho-medicos-mas","status":"publish","type":"post","link":"https:\/\/primicias2262.com\/noticias\/la-guardia-del-hospital-ferreyra-cuenta-con-ocho-medicos-mas\/","title":{"rendered":"La Guardia del Hospital Ferreyra cuenta con ocho m\u00e9dicos m\u00e1s"},"content":{"rendered":"<p>Por decisi\u00f3n del Ejecutivo que encabeza el intendente Arturo Rojas, se sigue reforzando con recurso humano el Hospital Municipal Ferreyra, al punto tal que el sector de Guardia ya cuenta, en estos momentos, con ocho nuevos m\u00e9dicos que refuerzan lo ya existente y que garantizan hasta la cobertura pre hospitalaria, al tiempo que ha sumado por estas horas un anestesi\u00f3logo, siempre tan necesarios ante la demanda existente.<\/p>\n<p>En este aspecto, la secretaria de Salud, Andrea Perestiuk, manifest\u00f3 que \u201cen estos d\u00edas se radic\u00f3 en nuestro distrito un anestesi\u00f3logo que viene del Chaco, y con la buena noticia de que el a\u00f1o que viene vamos a contar con dos anestesistas m\u00e1s que est\u00e1n terminando su residencia\u201d por lo que \u201cah\u00ed tendr\u00edamos el staff completo, calculo que para finales del 2023\u201d.<\/p>\n<p>\u00abHoy en d\u00eda tenemos tres anestesistas con este refuerzo, y si bien para las caracter\u00edsticas de Necochea faltan, porque tambi\u00e9n atienden en el sector privado y hasta hacen guardia fuera de la ciudad, con esta perspectiva de incorporar dos m\u00e1s ya estar\u00edamos m\u00e1s adelante en mejores condiciones\u201d admiti\u00f3 Perestiuk en el mismo lineamiento.<\/p>\n<p>Para cerrar, la funcionaria adelant\u00f3 y detall\u00f3 que \u201cen esto de seguir desde el principio de esta gesti\u00f3n con una pol\u00edtica de incorporaci\u00f3n de recurso humano, algo que se ha dificultado sobre todo pos pandemia, este ultimo a\u00f1o hemos incorporado ocho profesionales para el servicio de Guardia de adultos, lo que nos ha permitido contar con tres m\u00e9dicos por guardia por d\u00eda\u00bb<\/p>\n<p>&nbsp;<\/p>\n","protected":false},"excerpt":{"rendered":"<p>Por decisi\u00f3n del Ejecutivo que encabeza el intendente Arturo Rojas, se sigue reforzando con recurso humano el Hospital Municipal Ferreyra, al punto tal que el sector de Guardia ya cuenta, en estos momentos, con ocho nuevos m\u00e9dicos que refuerzan lo ya existente y que garantizan hasta la cobertura pre hospitalaria, al tiempo que ha sumado [&hellip;]<\/p>\n","protected":false},"author":3,"featured_media":95533,"comment_status":"closed","ping_status":"closed","sticky":false,"template":"","format":"standard","meta":{"footnotes":""},"categories":[3],"tags":[],"class_list":["post-95532","post","type-post","status-publish","format-standard","has-post-thumbnail","category-masnoticias"],"_links":{"self":[{"href":"https:\/\/primicias2262.com\/noticias\/wp-json\/wp\/v2\/posts\/95532","targetHints":{"allow":["GET"]}}],"collection":[{"href":"https:\/\/primicias2262.com\/noticias\/wp-json\/wp\/v2\/posts"}],"about":[{"href":"https:\/\/primicias2262.com\/noticias\/wp-json\/wp\/v2\/types\/post"}],"author":[{"embeddable":true,"href":"https:\/\/primicias2262.com\/noticias\/wp-json\/wp\/v2\/users\/3"}],"replies":[{"embeddable":true,"href":"https:\/\/primicias2262.com\/noticias\/wp-json\/wp\/v2\/comments?post=95532"}],"version-history":[{"count":0,"href":"https:\/\/primicias2262.com\/noticias\/wp-json\/wp\/v2\/posts\/95532\/revisions"}],"wp:attachment":[{"href":"https:\/\/primicias2262.com\/noticias\/wp-json\/wp\/v2\/media?parent=95532"}],"wp:term":[{"taxonomy":"category","embeddable":true,"href":"https:\/\/primicias2262.com\/noticias\/wp-json\/wp\/v2\/categories?post=95532"},{"taxonomy":"post_tag","embeddable":true,"href":"https:\/\/primicias2262.com\/noticias\/wp-json\/wp\/v2\/tags?post=95532"}],"curies":[{"name":"wp","href":"https:\/\/api.w.org\/{rel}","templated":true}]}}