{"id":95535,"date":"2022-11-25T17:59:06","date_gmt":"2022-11-25T20:59:06","guid":{"rendered":"https:\/\/primicias2262.com\/?p=95535"},"modified":"2022-11-25T17:59:06","modified_gmt":"2022-11-25T20:59:06","slug":"camping-miguel-lillo-tenemos-todos-los-servicios-y-nos-merecemos-una-buena-temporada","status":"publish","type":"post","link":"https:\/\/primicias2262.com\/noticias\/camping-miguel-lillo-tenemos-todos-los-servicios-y-nos-merecemos-una-buena-temporada\/","title":{"rendered":"Camping Miguel Lillo: \u201cTenemos todos los servicios y nos merecemos una buena temporada\u201d"},"content":{"rendered":"<p><strong>As\u00ed lo expres\u00f3 en \u201cVoces de la Ciudad\u201d Rafael Mujica L\u00e1zaro, titular del bello Complejo de mar Camping Miguel Lillo, en vistas al verano que se aproxima.<\/strong><\/p>\n<p>En di\u00e1logo con el periodista Jorge G\u00f3mez, Mujica L\u00e1zaro comenz\u00f3 recordando que \u201cel fuerte nuestro es el acampe, tenemos solo tres caba\u00f1as pero nos preparamos de la mejor manera como todos los a\u00f1os, siempre haciendo obras\u201d, tras lo que especific\u00f3 que \u201ceste a\u00f1o ampliamos las caba\u00f1as y el sal\u00f3n de restaurant para que la gente est\u00e9 m\u00e1s c\u00f3moda\u201d.<\/p>\n<p>El empresario manifest\u00f3 que \u201cnos merecemos una buena temporada despu\u00e9s de haber tenido dos complicadas por la pandemia y pos pandemia. Si bien la pasada fue buena en cuanto a afluencia de gente, no fue tanto as\u00ed en la calidad por el estadio an\u00edmico de las personas, fue dif\u00edcil de llevarla en un predio organizado como el nuestro, hasta el a\u00f1o pasado se not\u00f3 una cierta tensi\u00f3n en la gente por el tema de la pandemia\u201d.<\/p>\n<p>En tanto, Mujica L\u00e1zaro no soslay\u00f3 el tema de los costos y la dif\u00edcil situaci\u00f3n econ\u00f3mica que impacta, al se\u00f1alar en comparaci\u00f3n con otros campings que \u201cnos asusta que una persona para acampar est\u00e9 pagando 1400 pesos por d\u00eda. Una semana de 4 personas acampando, durmiendo en una bolsa de dormir en el piso, con comida, transporte y alojamiento estamos hablando de unos 80 mil pesos\u2026 no s\u00e9 cu\u00e1l ser\u00e1 la capacidad de ahorro que tuvo mi cliente original, y eso es lo \u00fanico que hoy nos genera incertidumbre\u201d.<\/p>\n<p>Incluso, record\u00f3 que \u201cnosotros en agosto hicimos un esfuerzo muy grande al publicar las tarifas con un 80% para que la gente pudiera reservar con ese porcentaje de aumento, cosa que no vamos a mantener de cara al verano, ya que a mitad a diciembre vamos a estar retocando las tarifas\u201d.<\/p>\n<p>De todas maneras, a pesar de esa incertidumbre, Mujica L\u00e1zaro sostuvo que \u201clas expectativas son buenas, tenemos reservas que no son como las del a\u00f1o pasado, que con el pre viaje se desbord\u00f3, pero es un panorama habitual para lo que fue antes de la pandemia para esta altura de las reservas\u201d, y revel\u00f3 que fundamentalmente \u201cnos gusta captar a gente que vive a m\u00e1s de 300 kil\u00f3metros, dici\u00e9ndole que tienen la mejor playa argentina con todos los servicios, que vale la pena el esfuerzo de viajar\u201d.<\/p>\n<p>Y si de servicios se trata, el empresario se explay\u00f3 finalmente sobre las caracter\u00edsticas del complejo ubicado frente al mar, el cual pileta, caba\u00f1as, restaurant, proveedur\u00eda, hostel que da al Lago de los Cisnes, servicio de duchas, agua caliente y fr\u00eda y personal calificado de seguridad. \u201cTenemos todos los servicios, tiene hasta cloacas el camping, de hecho no hay ning\u00fan camping en la costa atl\u00e1ntica que tenga cloacas, y el nuestro s\u00ed\u201d, concluy\u00f3.<\/p>\n","protected":false},"excerpt":{"rendered":"<p>As\u00ed lo expres\u00f3 en \u201cVoces de la Ciudad\u201d Rafael Mujica L\u00e1zaro, titular del bello Complejo de mar Camping Miguel Lillo, en vistas al verano que se aproxima. En di\u00e1logo con el periodista Jorge G\u00f3mez, Mujica L\u00e1zaro comenz\u00f3 recordando que \u201cel fuerte nuestro es el acampe, tenemos solo tres caba\u00f1as pero nos preparamos de la mejor [&hellip;]<\/p>\n","protected":false},"author":3,"featured_media":95536,"comment_status":"closed","ping_status":"closed","sticky":false,"template":"","format":"standard","meta":{"footnotes":""},"categories":[3],"tags":[],"class_list":["post-95535","post","type-post","status-publish","format-standard","has-post-thumbnail","category-masnoticias"],"_links":{"self":[{"href":"https:\/\/primicias2262.com\/noticias\/wp-json\/wp\/v2\/posts\/95535","targetHints":{"allow":["GET"]}}],"collection":[{"href":"https:\/\/primicias2262.com\/noticias\/wp-json\/wp\/v2\/posts"}],"about":[{"href":"https:\/\/primicias2262.com\/noticias\/wp-json\/wp\/v2\/types\/post"}],"author":[{"embeddable":true,"href":"https:\/\/primicias2262.com\/noticias\/wp-json\/wp\/v2\/users\/3"}],"replies":[{"embeddable":true,"href":"https:\/\/primicias2262.com\/noticias\/wp-json\/wp\/v2\/comments?post=95535"}],"version-history":[{"count":0,"href":"https:\/\/primicias2262.com\/noticias\/wp-json\/wp\/v2\/posts\/95535\/revisions"}],"wp:attachment":[{"href":"https:\/\/primicias2262.com\/noticias\/wp-json\/wp\/v2\/media?parent=95535"}],"wp:term":[{"taxonomy":"category","embeddable":true,"href":"https:\/\/primicias2262.com\/noticias\/wp-json\/wp\/v2\/categories?post=95535"},{"taxonomy":"post_tag","embeddable":true,"href":"https:\/\/primicias2262.com\/noticias\/wp-json\/wp\/v2\/tags?post=95535"}],"curies":[{"name":"wp","href":"https:\/\/api.w.org\/{rel}","templated":true}]}}