{"id":95538,"date":"2022-11-25T18:11:59","date_gmt":"2022-11-25T21:11:59","guid":{"rendered":"https:\/\/primicias2262.com\/?p=95538"},"modified":"2022-11-25T18:11:59","modified_gmt":"2022-11-25T21:11:59","slug":"el-21-de-diciembre-se-conoceran-las-ofertas-para-la-obra-en-la-playa-municipal-de-camiones","status":"publish","type":"post","link":"https:\/\/primicias2262.com\/noticias\/el-21-de-diciembre-se-conoceran-las-ofertas-para-la-obra-en-la-playa-municipal-de-camiones\/","title":{"rendered":"El 21 de diciembre se conocer\u00e1n las ofertas para la obra en la Playa Municipal de Camiones"},"content":{"rendered":"<p><strong>El emprendimiento prev\u00e9 una inversi\u00f3n de casi 526.000.000 de pesos. El acto de apertura de las empresas interesadas se realizar\u00e1 en la Municipalidad de Necochea, que convoc\u00f3 a participar de la mencionada licitaci\u00f3n. Pormenores de la iniciativa <\/strong><\/p>\n<p><strong>Por Jorge G\u00f3mez<\/strong><\/p>\n<p>El 21 de diciembre pr\u00f3ximo se conocer\u00e1n las ofertas que se presentar\u00edan al llamado a licitaci\u00f3n que realizar\u00e1 la Municipalidad de Necochea para la concreci\u00f3n de la obra denominada \u00abremodelaci\u00f3n playa de camiones y transferencia de carga\u00bb de Quequ\u00e9n, en la cual se prev\u00e9 una inversi\u00f3n de 525.983.315,30 pesos.<\/p>\n<p>Tal lo que est\u00e1 previsto en el contenido de la aludida licitaci\u00f3n p\u00fablica que lleva el n\u00famero 31\/2022.<\/p>\n<p>El emprendimiento tiene un plazo de ejecuci\u00f3n de 365 d\u00edas -un a\u00f1o-, y la ceremonia de apertura de las firmas interesadas en la ejecuci\u00f3n de esta tarea se concretar\u00e1 el 21 de diciembre, v\u00edsperas de Nochebuena y Navidad, a las 10 de la ma\u00f1ana, en el Sal\u00f3n de Actos de la Municipalidad de Necochea.<\/p>\n<p>Vale recordar a mitad de este a\u00f1o el intendente municipal de Necochea, doctor Arturo Rojas, mantuvo una reuni\u00f3n con el ministro de Transporte de la Naci\u00f3n, Alexis Ra\u00fal Guerrera, ocasi\u00f3n en que se rubric\u00f3 el documento por el cual el Estado nacional aportar\u00e1 los fondos para esta obra.<\/p>\n<p>De aquel encuentro llevado a cabo en Capital Federal tomaron parte, adem\u00e1s, el secretario de Planeamiento, Obras y Servicios P\u00fablicos, Adri\u00e1n Furno, como as\u00ed, y entre otros, Micaela Moran, subsecretar\u00eda de Planificaci\u00f3n y Coordinaci\u00f3n de la cartera nacional; Juan Manuel Escudero, director Nacional de Transporte Automotor de Cargas; y Gast\u00f3n Jaques, secretario de Planificaci\u00f3n de Transporte, entre otros.<\/p>\n<p>\u201cEl principal objetivo es brindar mejores servicios a los usuarios, dotar de mayor seguridad al predio y extender su superficie de uso, redundando en una mayor comodidad para la maniobra y el ordenamiento de los camiones y en espacio utilizable para la puesta en marcha del sector de transferencia\u201d, se inform\u00f3 al t\u00e9rmino del encuentro porte\u00f1o.<\/p>\n<p>Las tareas comprender\u00e1n inicialmente el movimiento de suelos y el relleno de depresiones, la compactaci\u00f3n de la base y una terminaci\u00f3n con granza que permitir\u00e1 una mayor estabilidad al momento de la circulaci\u00f3n vehicular y el escurrimiento del agua hacia fuera del predio.<\/p>\n<p>Asimismo, se colocar\u00e1n luminarias led en el per\u00edmetro y torres centrales en el play\u00f3n para lograr una distribuci\u00f3n lum\u00ednica uniforme, lo que estar\u00e1 acompa\u00f1ado por la instalaci\u00f3n de un cerco perimetral conformado por un alambrado ol\u00edmpico con postes de hormig\u00f3n, a modo de sujeci\u00f3n, y portones en las v\u00edas de entrada y salida a la terminal.<\/p>\n<p>El proyecto incluye tambi\u00e9n la colocaci\u00f3n de nueva se\u00f1al\u00e9tica para mejorar el ordenamiento interno del predio y de un cartel luminoso de grandes dimensiones para transmitir informaci\u00f3n en tiempo real a los transportistas.<\/p>\n<p>En el predio se construir\u00e1 un edificio moderno para albergar a las oficinas administrativas, el restaurante y los nuevos grupos de sanitarios.<\/p>\n","protected":false},"excerpt":{"rendered":"<p>El emprendimiento prev\u00e9 una inversi\u00f3n de casi 526.000.000 de pesos. El acto de apertura de las empresas interesadas se realizar\u00e1 en la Municipalidad de Necochea, que convoc\u00f3 a participar de la mencionada licitaci\u00f3n. Pormenores de la iniciativa Por Jorge G\u00f3mez El 21 de diciembre pr\u00f3ximo se conocer\u00e1n las ofertas que se presentar\u00edan al llamado a [&hellip;]<\/p>\n","protected":false},"author":3,"featured_media":86990,"comment_status":"closed","ping_status":"closed","sticky":false,"template":"","format":"standard","meta":{"footnotes":""},"categories":[3],"tags":[],"class_list":["post-95538","post","type-post","status-publish","format-standard","has-post-thumbnail","category-masnoticias"],"_links":{"self":[{"href":"https:\/\/primicias2262.com\/noticias\/wp-json\/wp\/v2\/posts\/95538","targetHints":{"allow":["GET"]}}],"collection":[{"href":"https:\/\/primicias2262.com\/noticias\/wp-json\/wp\/v2\/posts"}],"about":[{"href":"https:\/\/primicias2262.com\/noticias\/wp-json\/wp\/v2\/types\/post"}],"author":[{"embeddable":true,"href":"https:\/\/primicias2262.com\/noticias\/wp-json\/wp\/v2\/users\/3"}],"replies":[{"embeddable":true,"href":"https:\/\/primicias2262.com\/noticias\/wp-json\/wp\/v2\/comments?post=95538"}],"version-history":[{"count":0,"href":"https:\/\/primicias2262.com\/noticias\/wp-json\/wp\/v2\/posts\/95538\/revisions"}],"wp:attachment":[{"href":"https:\/\/primicias2262.com\/noticias\/wp-json\/wp\/v2\/media?parent=95538"}],"wp:term":[{"taxonomy":"category","embeddable":true,"href":"https:\/\/primicias2262.com\/noticias\/wp-json\/wp\/v2\/categories?post=95538"},{"taxonomy":"post_tag","embeddable":true,"href":"https:\/\/primicias2262.com\/noticias\/wp-json\/wp\/v2\/tags?post=95538"}],"curies":[{"name":"wp","href":"https:\/\/api.w.org\/{rel}","templated":true}]}}