{"id":95540,"date":"2022-11-26T17:01:41","date_gmt":"2022-11-26T20:01:41","guid":{"rendered":"https:\/\/primicias2262.com\/?p=95540"},"modified":"2022-11-26T17:01:41","modified_gmt":"2022-11-26T20:01:41","slug":"jimena-lopez-critico-la-actuacion-de-alvaro-al-frente-del-consorcio-de-puerto-quequen","status":"publish","type":"post","link":"https:\/\/primicias2262.com\/noticias\/jimena-lopez-critico-la-actuacion-de-alvaro-al-frente-del-consorcio-de-puerto-quequen\/","title":{"rendered":"Jimena L\u00f3pez critic\u00f3 la actuaci\u00f3n de Alvaro al frente del Consorcio de Puerto Quequ\u00e9n"},"content":{"rendered":"<p><strong>Se lo habr\u00eda expresado en una reuni\u00f3n de la que participaron ambos, el pasado jueves, encabezada por el jefe de asesores del gobernador Axel Kicillof, Carlos Bianco, y por el ministro de Producci\u00f3n bonaerense, Augusto Costa, de la que participaron, adem\u00e1s, la concejala Andrea C\u00e1ceres y la legisladora S\u00e1nchez J\u00e1uregui <\/strong><\/p>\n<p><strong>Por Jorge G\u00f3mez<\/strong><\/p>\n<p>Un desfile de fuertes e importantes reproches sobre su gesti\u00f3n tanto administrativa como pol\u00edtica habr\u00eda recibido de parte de la diputada nacional Mar\u00eda Jimena L\u00f3pez, integrante del bloque del Frente de Todos en el Congreso Nacional y oriunda del Frente Renovador, el presidente del Consorcio de Gesti\u00f3n del Puerto de Quequ\u00e9n, Jorge Alvaro, en el marco de una reuni\u00f3n de la que ambos participaron, en La Plata, teniendo en la cabecera de la mesa al jefe de asesores del gobernador de la Provincia de Buenos Aires Axel Kicillof, Carlos \u201cCarli\u201d Bianco y al ministro de Producci\u00f3n, Ciencia e Innovaci\u00f3n Tecnol\u00f3gica, Augusto Costa.<\/p>\n<p>No tan s\u00f3lo los cuatro citados fueron parte de este encuentro, sino que tambi\u00e9n habr\u00edan estado presentes la concejala del Frente de Todos-Unidad Ciudadana de Necochea, Andrea C\u00e1ceres, perteneciente a La C\u00e1mpora, y la diputada bonaerense Natalia S\u00e1nchez J\u00e1uregui.<\/p>\n<p>De acuerdo a un par de fuentes consultadas -dado el habitual hermetismo que existen en torno a estos c\u00f3nclaves a puertas cerradas donde se charla abiertamente de gesti\u00f3n y de pol\u00edtica-, la aludida reuni\u00f3n estaba prevista, entre otros t\u00f3picos, para considerar y evaluar la actuaci\u00f3n del representante del gobernador en su rol de titular del ente portuario local, quien carga y expresar\u00eda una limitada calidad en su quehacer, con consabidas ausencias en las oficinas portuarias -su familia reside en Mendoza-, las que no pasar\u00edan desapercibidas, y con intervenciones y acciones que propios y extra\u00f1os consideran \u201cpor lo menos insuficientes\u201d, opin\u00f3 con alguna que otra certeza un operador con actividad en el rubro.<\/p>\n<p>Con la habitual labia de lo que ha hecho y viene haciendo en esta tarea, Jorge Alvaro habr\u00eda repetido en la mencionada junta con Bianco, Costa y las legisladoras -nacional, provincial y municipal- de sus presuntos logros y dado cuenta de sus supuestos objetivos ante la atenta mirada de las concurrentes.<\/p>\n<p>Seg\u00fan admiten los consultados, la licenciada Jimena L\u00f3pez, relacionada pol\u00edticamente al ministro de Econom\u00eda, Sergio Massa, habr\u00eda empezado a expresar y a desgranar -con su fuerte personalidad y su conocida enjundia- su total desacuerdo con el ejercicio y la funci\u00f3n que viene cumpliendo el presidente del Consorcio, con muy importantes reprobaciones.<\/p>\n<p>Y a medida que fueron expresadas en ese \u00e1mbito, la legisladora nacional no habr\u00eda ahorrado palabra alguna para dirigirse al funcionario, delegado por Kicillof en Puerto Quequ\u00e9n.<\/p>\n<p>\u201cJimena no se guard\u00f3 nada. Le dijo todo lo que ten\u00eda que decirle y algo m\u00e1s. No coincide con nada de lo que dice de lo que ha hecho, ni lo que est\u00e1 haciendo y menos le cree lo que tiene pensado, en palabras, realizar de aqu\u00ed en m\u00e1s. Alvaro no tuvo ni tiene agenda y Jimena le realiz\u00f3 fuertes recriminaciones\u201d, confi\u00f3 una fuente que pidi\u00f3 total y absoluta reserva de identidad.<\/p>\n<p>La misma que agreg\u00f3 que \u201cera hora que alguien del oficialismo, del propio Frente de Todos, le dijera a Alvaro que su gesti\u00f3n tanto administrativa como pol\u00edtica, porque su puesto es pol\u00edtico, no tiene relevancia alguna, por no decir que no existe para quienes le ponen a diario el pecho a las gestiones del gobernador\u201d.<\/p>\n<p>Operadores portuarios estar\u00edan posiblemente al tanto de este encuentro, el que se habr\u00eda concretado el pasado jueves 24 de noviembre, llevado adelante ante la atenta mirada de Bianco y de Costa, considerado el primero como una suerte de \u201carmador pol\u00edtico\u201d con quien cuenta el gobernador en su deseo de ser reelecto como tal en las elecciones generales a concretarse a fines de octubre de 2022.<\/p>\n","protected":false},"excerpt":{"rendered":"<p>Se lo habr\u00eda expresado en una reuni\u00f3n de la que participaron ambos, el pasado jueves, encabezada por el jefe de asesores del gobernador Axel Kicillof, Carlos Bianco, y por el ministro de Producci\u00f3n bonaerense, Augusto Costa, de la que participaron, adem\u00e1s, la concejala Andrea C\u00e1ceres y la legisladora S\u00e1nchez J\u00e1uregui Por Jorge G\u00f3mez Un desfile [&hellip;]<\/p>\n","protected":false},"author":3,"featured_media":95541,"comment_status":"closed","ping_status":"closed","sticky":false,"template":"","format":"standard","meta":{"footnotes":""},"categories":[3],"tags":[],"class_list":["post-95540","post","type-post","status-publish","format-standard","has-post-thumbnail","category-masnoticias"],"_links":{"self":[{"href":"https:\/\/primicias2262.com\/noticias\/wp-json\/wp\/v2\/posts\/95540","targetHints":{"allow":["GET"]}}],"collection":[{"href":"https:\/\/primicias2262.com\/noticias\/wp-json\/wp\/v2\/posts"}],"about":[{"href":"https:\/\/primicias2262.com\/noticias\/wp-json\/wp\/v2\/types\/post"}],"author":[{"embeddable":true,"href":"https:\/\/primicias2262.com\/noticias\/wp-json\/wp\/v2\/users\/3"}],"replies":[{"embeddable":true,"href":"https:\/\/primicias2262.com\/noticias\/wp-json\/wp\/v2\/comments?post=95540"}],"version-history":[{"count":0,"href":"https:\/\/primicias2262.com\/noticias\/wp-json\/wp\/v2\/posts\/95540\/revisions"}],"wp:attachment":[{"href":"https:\/\/primicias2262.com\/noticias\/wp-json\/wp\/v2\/media?parent=95540"}],"wp:term":[{"taxonomy":"category","embeddable":true,"href":"https:\/\/primicias2262.com\/noticias\/wp-json\/wp\/v2\/categories?post=95540"},{"taxonomy":"post_tag","embeddable":true,"href":"https:\/\/primicias2262.com\/noticias\/wp-json\/wp\/v2\/tags?post=95540"}],"curies":[{"name":"wp","href":"https:\/\/api.w.org\/{rel}","templated":true}]}}