{"id":95543,"date":"2022-11-26T17:06:50","date_gmt":"2022-11-26T20:06:50","guid":{"rendered":"https:\/\/primicias2262.com\/?p=95543"},"modified":"2022-11-26T17:06:50","modified_gmt":"2022-11-26T20:06:50","slug":"iacono-votar-que-no-por-el-solo-hecho-de-ser-oposicion-no-me-parece","status":"publish","type":"post","link":"https:\/\/primicias2262.com\/noticias\/iacono-votar-que-no-por-el-solo-hecho-de-ser-oposicion-no-me-parece\/","title":{"rendered":"I\u00e1cono: \u201cVotar que no por el solo hecho de ser oposici\u00f3n no me parece\u201d"},"content":{"rendered":"<p>El concejal del Frente de Todos, Rafael I\u00e1cono, explic\u00f3 en \u201cVoces de la Ciudad\u201d las razones de su acompa\u00f1amiento al proyecto de la Ordenanza Fiscal Impositiva 2023 del Departamento Ejecutivo, que propone un aumento del 75% de las tasas, resaltando que \u201cno podemos desfinanciar a la Municipalidad.<\/p>\n<p>En di\u00e1logo con el periodista Jorge G\u00f3mez asegur\u00f3 que no se fue del Frente de Todos, que no est\u00e1 bajo la l\u00ednea del titular de la CGT, Demian Ledesma y hasta propuso a su compa\u00f1ero edil Mauro Vel\u00e1zquez como precandidato a intendente en 2023.<\/p>\n<p>Tras la aprobaci\u00f3n de la nueva Ordenanza Fiscal Impositiva 2023 por 11 votos a 9, y su consentimiento para la aprobaci\u00f3n del aumento de las tasas, I\u00e1cono explic\u00f3 que \u201cla semana anterior a la sesi\u00f3n tuvimos dos o tres comisiones de Econom\u00eda en las cuales fui el \u00fanico concejal que preguntaba las dudas o inquietudes que ten\u00eda, porque votar un no porque no, o porque soy oposici\u00f3n, no me parece. Es muy f\u00e1cil sentarse y decir que no cuando sos opositor, pero ese rol de mi parte no me gusta\u201d.<\/p>\n<p>Sigui\u00f3 argumentando que \u201cpregunt\u00e9 todas las dudas que ten\u00eda y me llev\u00f3 a analizar dentro de m\u00ed que un 75% de aumento promedio en las tasas con una inflaci\u00f3n que ronda el 88% o m\u00e1s, no me pareci\u00f3 desmedida, teniendo en cuenta que los compa\u00f1eros municipales est\u00e1n viendo los n\u00fameros y cerrando la paritaria, que seguramente van a poder cerrar arriba del 80%, por encima incluso del aumento de la Fiscal Impositiva\u201d.<\/p>\n<p>Asimismo, adujo que \u201ctampoco podemos dejar al vecino sin el servicio p\u00fablico de recolecci\u00f3n de residuos, sin el barrido, alumbrado o las cloacas\u2026 creo que tenemos que trabajar fuerte en ese sentido y no desfinanciar a la Municipalidad, porque qu\u00e9 pasar\u00eda si m\u00e1s adelante no se pueden pagar los sueldos en tiempo o en forma por ejemplo\u201d.<\/p>\n<p>Incluso, el dirigente de SUTERH se\u00f1al\u00f3 que \u201ctampoco ninguno de los otros bloques ha presentado una modificaci\u00f3n o proyecto como para haber \u201cnegociado\u201d como se dice\u2026 no hubo y al no haber me vi en la obligaci\u00f3n de acompa\u00f1ar porque tengo que responder a los compa\u00f1eros municipales y como concejal de la ciudad tambi\u00e9n tengo que garantizar los servicios p\u00fablicos de la ciudad\u201d.<\/p>\n<p>De todas formas, desminti\u00f3 trascendidos al afirmar que \u201cno me fui nunca del Frente de Todos y nunca arm\u00e9 un interbloque\u201d, y en ese aspecto contraatac\u00f3 hacia la referente camporista Andrea C\u00e1ceres: \u201cS\u00ed recuerdo que el primer d\u00eda en sesi\u00f3n el Concejo Deliberante ella rompi\u00f3 la lista cuando se arm\u00f3 otro bloque\u00bb<\/p>\n<p>\u00abVel\u00e1zquez (Mauro) qued\u00f3 dentro del Frente y Andrea se hizo un interbloque el primer d\u00eda de sesi\u00f3n\u2026 pero yo no voy a romper nada, es m\u00e1s, tengo la idea de que si a Sergio Massa (ministro de Econom\u00eda) le va bien, y por ende a todos los argentinos, me gustar\u00eda que uno de los precandidatos a intendente sea Mauro Vel\u00e1zquez, que viene de esa l\u00ednea, por m\u00e1s que no coincidamos muchas veces\u201d.<\/p>\n<p>En otro fragemento de su testimonio, Rafael se\u00f1al\u00f3 que \u201cme ligan con Demian Ledesma, como que es mi referente pol\u00edtico, y no coincido\u2026 Demian tir\u00f3 de candidata a Andrea C\u00e1ceres y no coincido porque es una compa\u00f1era que tiene dos cargos y muchas veces ha faltado a un mont\u00f3n de comisiones no dej\u00e1ndole un lugar a otra compa\u00f1era como Roc\u00edo Mateo\u201d.<\/p>\n<p>Y si de Andrea C\u00e1ceres se trata, se\u00f1al\u00f3 ante la prensa que I\u00e1cono parece m\u00e1s un concejal del oficialismo que del Frente de Todos, ante lo que el propio I\u00e1cono respondi\u00f3 que \u201cdijo eso porque vot\u00e9 diferente, y ella muchas veces ha votado diferente a nosotros\u2026 pero yo no voy a hablar mal de ning\u00fan compa\u00f1ero ni compa\u00f1era, me parece que estamos para que la ciudad siga creciendo y no para sacarnos el cuero entre nosotros\u201d.<\/p>\n<p>Finalmente, I\u00e1cono asegur\u00f3 que \u201cmis compa\u00f1eros sab\u00edan que yo iba a votar as\u00ed porque cuando llegamos hubo una reuni\u00f3n y les mostr\u00e9 mi postura, pero no se asombraron, por lo visto ya sab\u00edan\u201d, y cerr\u00f3 manifestando que \u201cposteriormente nadie ech\u00f3 a nadie, se sigui\u00f3 dialogando como gente adulta y respetando las decisiones de cada uno\u201d.<\/p>\n","protected":false},"excerpt":{"rendered":"<p>El concejal del Frente de Todos, Rafael I\u00e1cono, explic\u00f3 en \u201cVoces de la Ciudad\u201d las razones de su acompa\u00f1amiento al proyecto de la Ordenanza Fiscal Impositiva 2023 del Departamento Ejecutivo, que propone un aumento del 75% de las tasas, resaltando que \u201cno podemos desfinanciar a la Municipalidad. En di\u00e1logo con el periodista Jorge G\u00f3mez asegur\u00f3 [&hellip;]<\/p>\n","protected":false},"author":3,"featured_media":95544,"comment_status":"closed","ping_status":"closed","sticky":false,"template":"","format":"standard","meta":{"footnotes":""},"categories":[3],"tags":[],"class_list":["post-95543","post","type-post","status-publish","format-standard","has-post-thumbnail","category-masnoticias"],"_links":{"self":[{"href":"https:\/\/primicias2262.com\/noticias\/wp-json\/wp\/v2\/posts\/95543","targetHints":{"allow":["GET"]}}],"collection":[{"href":"https:\/\/primicias2262.com\/noticias\/wp-json\/wp\/v2\/posts"}],"about":[{"href":"https:\/\/primicias2262.com\/noticias\/wp-json\/wp\/v2\/types\/post"}],"author":[{"embeddable":true,"href":"https:\/\/primicias2262.com\/noticias\/wp-json\/wp\/v2\/users\/3"}],"replies":[{"embeddable":true,"href":"https:\/\/primicias2262.com\/noticias\/wp-json\/wp\/v2\/comments?post=95543"}],"version-history":[{"count":0,"href":"https:\/\/primicias2262.com\/noticias\/wp-json\/wp\/v2\/posts\/95543\/revisions"}],"wp:attachment":[{"href":"https:\/\/primicias2262.com\/noticias\/wp-json\/wp\/v2\/media?parent=95543"}],"wp:term":[{"taxonomy":"category","embeddable":true,"href":"https:\/\/primicias2262.com\/noticias\/wp-json\/wp\/v2\/categories?post=95543"},{"taxonomy":"post_tag","embeddable":true,"href":"https:\/\/primicias2262.com\/noticias\/wp-json\/wp\/v2\/tags?post=95543"}],"curies":[{"name":"wp","href":"https:\/\/api.w.org\/{rel}","templated":true}]}}