{"id":95578,"date":"2022-11-27T18:23:24","date_gmt":"2022-11-27T21:23:24","guid":{"rendered":"https:\/\/primicias2262.com\/?p=95578"},"modified":"2022-11-27T18:23:24","modified_gmt":"2022-11-27T21:23:24","slug":"se-viene-el-festival-100-anos-de-puerto-quequen","status":"publish","type":"post","link":"https:\/\/primicias2262.com\/noticias\/se-viene-el-festival-100-anos-de-puerto-quequen\/","title":{"rendered":"Se viene el Festival 100 A\u00f1os de Puerto Quequ\u00e9n"},"content":{"rendered":"<p>El pr\u00f3ximo fin de semana, s\u00e1bado 3 y domingo 4 de diciembre, Puerto Quequ\u00e9n festejar\u00e1 sus 100 a\u00f1os con un Festival para toda la familia.<\/p>\n<p>Libre y gratuito, desde las 14 horas, ambas tardes se llenar\u00e1n de color y diversi\u00f3n en el \u00c1rea Log\u00edstica Necochea, ubicada en avenida. 10 y 61.<\/p>\n<p>Habr\u00e1 m\u00fasica en vivo, Kermese, juegos para todas las edades, arte, bandas locales, el Payaso Abelardo, Sabe la tierra, emprendedores locales, stands institucionales portuarios, gastronom\u00eda, premios y sorteos.<\/p>\n<p>El s\u00e1bado a las 20, el escenario central vibrar\u00e1 al ritmo de la Bomba de Tiempo, y la pintura de Hern\u00e1n Ricaldoni. El domingo, Bruno Arias cerrar\u00e1 a puro folklore.<\/p>\n","protected":false},"excerpt":{"rendered":"<p>El pr\u00f3ximo fin de semana, s\u00e1bado 3 y domingo 4 de diciembre, Puerto Quequ\u00e9n festejar\u00e1 sus 100 a\u00f1os con un Festival para toda la familia. Libre y gratuito, desde las 14 horas, ambas tardes se llenar\u00e1n de color y diversi\u00f3n en el \u00c1rea Log\u00edstica Necochea, ubicada en avenida. 10 y 61. Habr\u00e1 m\u00fasica en vivo, [&hellip;]<\/p>\n","protected":false},"author":3,"featured_media":95579,"comment_status":"closed","ping_status":"closed","sticky":false,"template":"","format":"standard","meta":{"footnotes":""},"categories":[3],"tags":[],"class_list":["post-95578","post","type-post","status-publish","format-standard","has-post-thumbnail","category-masnoticias"],"_links":{"self":[{"href":"https:\/\/primicias2262.com\/noticias\/wp-json\/wp\/v2\/posts\/95578","targetHints":{"allow":["GET"]}}],"collection":[{"href":"https:\/\/primicias2262.com\/noticias\/wp-json\/wp\/v2\/posts"}],"about":[{"href":"https:\/\/primicias2262.com\/noticias\/wp-json\/wp\/v2\/types\/post"}],"author":[{"embeddable":true,"href":"https:\/\/primicias2262.com\/noticias\/wp-json\/wp\/v2\/users\/3"}],"replies":[{"embeddable":true,"href":"https:\/\/primicias2262.com\/noticias\/wp-json\/wp\/v2\/comments?post=95578"}],"version-history":[{"count":0,"href":"https:\/\/primicias2262.com\/noticias\/wp-json\/wp\/v2\/posts\/95578\/revisions"}],"wp:attachment":[{"href":"https:\/\/primicias2262.com\/noticias\/wp-json\/wp\/v2\/media?parent=95578"}],"wp:term":[{"taxonomy":"category","embeddable":true,"href":"https:\/\/primicias2262.com\/noticias\/wp-json\/wp\/v2\/categories?post=95578"},{"taxonomy":"post_tag","embeddable":true,"href":"https:\/\/primicias2262.com\/noticias\/wp-json\/wp\/v2\/tags?post=95578"}],"curies":[{"name":"wp","href":"https:\/\/api.w.org\/{rel}","templated":true}]}}