{"id":95593,"date":"2022-11-28T13:15:43","date_gmt":"2022-11-28T16:15:43","guid":{"rendered":"https:\/\/primicias2262.com\/?p=95593"},"modified":"2022-11-28T13:15:43","modified_gmt":"2022-11-28T16:15:43","slug":"la-quinta-hora-es-tendiente-al-proyecto-distrital-2023-del-nivel-primario","status":"publish","type":"post","link":"https:\/\/primicias2262.com\/noticias\/la-quinta-hora-es-tendiente-al-proyecto-distrital-2023-del-nivel-primario\/","title":{"rendered":"\u201cLa \u201cquinta hora\u201d es tendiente al proyecto distrital 2023 del nivel primario\u201d"},"content":{"rendered":"<p>As\u00ed lo aclar\u00f3 la inspectora del nivel primario de la educaci\u00f3n, Nancy Almassio, al ser consultada en \u201cVoces de la Ciudad\u201d sobre cu\u00e1ndo se implementar\u00e1 el proyecto de jornadas de 25 horas semanales en las escuelas, lo que en la jerga educativa denominan \u201cquinta hora\u201d.<\/p>\n<p>Para entrar en contexto, el periodista Jorge G\u00f3mez le coment\u00f3 a Almassio sobre los trascendidos entre directores y la comunidad educativa y padres que a partir de este lunes 28 se iba a ampliar el horario llevando la prestaci\u00f3n a cinco horas por d\u00eda, pero no es as\u00ed, y Almassio agradeci\u00f3 el espacio para poder aclarar y se\u00f1alar que por ahora, todo es materia de consulta, m\u00e1s all\u00e1 de que lo est\u00e1n implementando cuatro escuelas de escasa matr\u00edcula.<\/p>\n<p>Al respecto, la inspectora relat\u00f3 que \u201ca partir del 1\u00ba de agosto lleg\u00f3 una comunicaci\u00f3n donde se empez\u00f3 a conversar con las autoridades sobre el pase a jornadas de 25 horas semanales en las escuelas de nivel primario de la gesti\u00f3n estatal de la Provincia de Buenos Aires para este a\u00f1o y en 2023, as\u00ed fue que empezamos a realizar consultas y el lunes 17 de octubre de este a\u00f1o cuatro escuelas rurales unitarias con escasa matr\u00edcula incorporaron una quinta hora de clase: la escuela N\u00ba 11, la N\u00ba 24, la N\u00ba 36 y la N\u00ba 39 de Necochea, que ya est\u00e1n trabajando ya con 25 horas semanales\u201d.<\/p>\n<p>M\u00e1s tarde, en sinton\u00eda con esta ampliaci\u00f3n, \u201clleg\u00f3 la resoluci\u00f3n que habla de ampliaci\u00f3n de jornada escolar y la implementaci\u00f3n de jornadas completas de readecuaci\u00f3n de las escuelas y la incorporaci\u00f3n de m\u00e1s establecimiento con quinta hora, que ser\u00eda la semana con 25 horas de clases\u201d, a\u00f1adi\u00f3 Almassio.<\/p>\n<p>M\u00e1s adelante inform\u00f3 oficialmente que \u201cse reunieron las autoridades y se habl\u00f3 sobre una nueva consulta a los servicios educativos que en sus comunidades estuvieran en condiciones de implementar esta ampliaci\u00f3n de jornada. Los servicios educativos conlleva toda una cadena de consulta que incluye a las familias, y son tendientes al proyecto distrital 2023 del nivel primario\u201d.<\/p>\n<p>Por consiguiente, la autoridad educativa cerr\u00f3 la comunicaci\u00f3n telef\u00f3nica con \u201cVoces de la Ciudad\u201d asegurando que \u201cestamos trabajando en el proceso de implementaci\u00f3n de esta modalidad de manera cuidadosa en cada una de las escuelas\u201d.<\/p>\n","protected":false},"excerpt":{"rendered":"<p>As\u00ed lo aclar\u00f3 la inspectora del nivel primario de la educaci\u00f3n, Nancy Almassio, al ser consultada en \u201cVoces de la Ciudad\u201d sobre cu\u00e1ndo se implementar\u00e1 el proyecto de jornadas de 25 horas semanales en las escuelas, lo que en la jerga educativa denominan \u201cquinta hora\u201d. Para entrar en contexto, el periodista Jorge G\u00f3mez le coment\u00f3 [&hellip;]<\/p>\n","protected":false},"author":3,"featured_media":87351,"comment_status":"closed","ping_status":"closed","sticky":false,"template":"","format":"standard","meta":{"footnotes":""},"categories":[3],"tags":[],"class_list":["post-95593","post","type-post","status-publish","format-standard","has-post-thumbnail","category-masnoticias"],"_links":{"self":[{"href":"https:\/\/primicias2262.com\/noticias\/wp-json\/wp\/v2\/posts\/95593","targetHints":{"allow":["GET"]}}],"collection":[{"href":"https:\/\/primicias2262.com\/noticias\/wp-json\/wp\/v2\/posts"}],"about":[{"href":"https:\/\/primicias2262.com\/noticias\/wp-json\/wp\/v2\/types\/post"}],"author":[{"embeddable":true,"href":"https:\/\/primicias2262.com\/noticias\/wp-json\/wp\/v2\/users\/3"}],"replies":[{"embeddable":true,"href":"https:\/\/primicias2262.com\/noticias\/wp-json\/wp\/v2\/comments?post=95593"}],"version-history":[{"count":0,"href":"https:\/\/primicias2262.com\/noticias\/wp-json\/wp\/v2\/posts\/95593\/revisions"}],"wp:attachment":[{"href":"https:\/\/primicias2262.com\/noticias\/wp-json\/wp\/v2\/media?parent=95593"}],"wp:term":[{"taxonomy":"category","embeddable":true,"href":"https:\/\/primicias2262.com\/noticias\/wp-json\/wp\/v2\/categories?post=95593"},{"taxonomy":"post_tag","embeddable":true,"href":"https:\/\/primicias2262.com\/noticias\/wp-json\/wp\/v2\/tags?post=95593"}],"curies":[{"name":"wp","href":"https:\/\/api.w.org\/{rel}","templated":true}]}}