{"id":95598,"date":"2022-11-28T14:21:29","date_gmt":"2022-11-28T17:21:29","guid":{"rendered":"https:\/\/primicias2262.com\/?p=95598"},"modified":"2022-11-28T14:21:29","modified_gmt":"2022-11-28T17:21:29","slug":"desde-el-jueves-se-amplia-el-servicio-de-guardavidas-en-las-playas","status":"publish","type":"post","link":"https:\/\/primicias2262.com\/noticias\/desde-el-jueves-se-amplia-el-servicio-de-guardavidas-en-las-playas\/","title":{"rendered":"Desde el jueves se ampl\u00eda el servicio de guardavidas en las playas"},"content":{"rendered":"<p><strong>Tanto en Necochea como en Quequ\u00e9n, se mantiene la cobertura en los sitios donde se comenz\u00f3 el pasado 15 pero se adhieren otros desde diciembre, siempre de 9 a 20<\/strong><\/p>\n<p>La Municipalidad de Necochea, a trav\u00e9s de la Secretar\u00eda de Gobierno, informa que a partir del 1 de diciembre se ampl\u00eda la cobertura para prestar el servicio de Guardavidas en las playas de Necochea y Quequ\u00e9n.<\/p>\n<p>En este contexto, y durante el ultimo mes del a\u00f1o, ya se pone en marcha este jueves la cobertura en 11 balnearios privados y los espacios 63, 69, 71 (solo de tarde) y puesto 75 al Kabril y al Karamawi, siempre de 9 a 20.<\/p>\n<p>Asimismo, la comuna ya anuncia que a partir del 15 se reforzar\u00e1 con personal en Costa Bonita, todos los d\u00edas de 11 a 17, en tanto que en el sector de Las Cascadas la fecha de inicio es la misma, pero de 11 a 18.<\/p>\n<p>En Puente Blanco (La Dulce), tambi\u00e9n el servicio comenzar\u00e1 a mitad de mes, de mi\u00e9rcoles a domingos de 9 a 20, con la salvedad de que lunes y martes habr\u00e1 horario de cobertura m\u00e1s acotado, de 11 a 17.<\/p>\n<p>Por \u00faltimo, en Quequ\u00e9n, contin\u00faa la cobertura en Puesto Escollera, Puesto Casilla, puesto del medio (502 y 521), Monte Pasubio y el servicio en la bajada p\u00fablica (502 y 531), y se a\u00f1ade la exLa H\u00e9lice, tambi\u00e9n de 9 a 20.<\/p>\n","protected":false},"excerpt":{"rendered":"<p>Tanto en Necochea como en Quequ\u00e9n, se mantiene la cobertura en los sitios donde se comenz\u00f3 el pasado 15 pero se adhieren otros desde diciembre, siempre de 9 a 20 La Municipalidad de Necochea, a trav\u00e9s de la Secretar\u00eda de Gobierno, informa que a partir del 1 de diciembre se ampl\u00eda la cobertura para prestar [&hellip;]<\/p>\n","protected":false},"author":3,"featured_media":95599,"comment_status":"closed","ping_status":"closed","sticky":false,"template":"","format":"standard","meta":{"footnotes":""},"categories":[3],"tags":[],"class_list":["post-95598","post","type-post","status-publish","format-standard","has-post-thumbnail","category-masnoticias"],"_links":{"self":[{"href":"https:\/\/primicias2262.com\/noticias\/wp-json\/wp\/v2\/posts\/95598","targetHints":{"allow":["GET"]}}],"collection":[{"href":"https:\/\/primicias2262.com\/noticias\/wp-json\/wp\/v2\/posts"}],"about":[{"href":"https:\/\/primicias2262.com\/noticias\/wp-json\/wp\/v2\/types\/post"}],"author":[{"embeddable":true,"href":"https:\/\/primicias2262.com\/noticias\/wp-json\/wp\/v2\/users\/3"}],"replies":[{"embeddable":true,"href":"https:\/\/primicias2262.com\/noticias\/wp-json\/wp\/v2\/comments?post=95598"}],"version-history":[{"count":0,"href":"https:\/\/primicias2262.com\/noticias\/wp-json\/wp\/v2\/posts\/95598\/revisions"}],"wp:attachment":[{"href":"https:\/\/primicias2262.com\/noticias\/wp-json\/wp\/v2\/media?parent=95598"}],"wp:term":[{"taxonomy":"category","embeddable":true,"href":"https:\/\/primicias2262.com\/noticias\/wp-json\/wp\/v2\/categories?post=95598"},{"taxonomy":"post_tag","embeddable":true,"href":"https:\/\/primicias2262.com\/noticias\/wp-json\/wp\/v2\/tags?post=95598"}],"curies":[{"name":"wp","href":"https:\/\/api.w.org\/{rel}","templated":true}]}}