{"id":95613,"date":"2022-11-28T14:47:09","date_gmt":"2022-11-28T17:47:09","guid":{"rendered":"https:\/\/primicias2262.com\/?p=95613"},"modified":"2022-11-28T14:47:09","modified_gmt":"2022-11-28T17:47:09","slug":"rojas-respaldo-a-huracan-para-participar-en-la-liga-federal-de-voley","status":"publish","type":"post","link":"https:\/\/primicias2262.com\/noticias\/rojas-respaldo-a-huracan-para-participar-en-la-liga-federal-de-voley\/","title":{"rendered":"Rojas respald\u00f3 a Hurac\u00e1n para participar en la Liga Federal de Voley"},"content":{"rendered":"<p><strong>El primer equipo de Hurac\u00e1n, entrenado por Pablo Meana, afrontar\u00e1 este importante desaf\u00edo en Santiago del Estero, en febrero de 2023. \u201cEstamos agradecidos con el Intendente porque mostr\u00f3 predisposici\u00f3n para apoyar y buscar la vuelta para que esto se concrete\u201d, resalt\u00f3 el dirigente Marcelo Carabajal.<\/strong><\/p>\n<p>El Intendente municipal, Arturo Rojas, en compa\u00f1\u00eda del presidente del Honorable Concejo Deliberante, Guillermo S\u00e1nchez, \u00a0recibi\u00f3 a referentes del v\u00f3ley local, tanto el exl\u00edbero y entrenador, Pablo Meana, como al dirigente Marcelo Carabajal, a fin de ponerse a disposici\u00f3n para colaborar con la campa\u00f1a que llevan adelante para la participaci\u00f3n de Hurac\u00e1n en la Liga Federal de Voleibol, escal\u00f3n previo a la A1.<\/p>\n<p>Es una puerta importante la que se abre para el v\u00f3ley de la ciudad y la cita ser\u00e1 en febrero de 2023, durante diez d\u00edas en la provincia de Santiago del Estero, una iniciativa tan importante para el deporte local como costosa, ya que demanda una inversi\u00f3n superior a los dos millones de pesos, raz\u00f3n por la cual los referentes del v\u00f3ley se encuentran sumando voluntades y buscando apoyo.<\/p>\n<p>En funci\u00f3n de ello, Carabajal valor\u00f3 que \u201cla reuni\u00f3n con el Intendente fue positiva, estamos agradecidos con \u00e9l porque mostr\u00f3 predisposici\u00f3n para apoyar y buscar la vuelta para que esto se concrete y podamos participar en febrero de la Liga Federal en Santiago del Estero, que clasifica a A1\u201d.<\/p>\n<p>El dirigente se\u00f1al\u00f3 que \u201clos gastos grandes son el traslado y el alojamiento all\u00e1, pero venimos bastante bien con la parte privada y hemos sumado a la parte p\u00fablica, as\u00ed que estamos con muchas expectativas y cerca de juntar el presupuesto para encarar tranquilos la parte deportiva\u201d, y acot\u00f3 que \u201csomos conscientes de la situaci\u00f3n a nivel nacional y tampoco podemos pretender que la parte p\u00fablica cubra todo, pero s\u00ed se mostr\u00f3 muy predispuesto Arturo a darnos una mano y abrirnos puertas a las que nosotros no tenemos acceso, y eso para nosotros es fundamental\u201d.<\/p>\n","protected":false},"excerpt":{"rendered":"<p>El primer equipo de Hurac\u00e1n, entrenado por Pablo Meana, afrontar\u00e1 este importante desaf\u00edo en Santiago del Estero, en febrero de 2023. \u201cEstamos agradecidos con el Intendente porque mostr\u00f3 predisposici\u00f3n para apoyar y buscar la vuelta para que esto se concrete\u201d, resalt\u00f3 el dirigente Marcelo Carabajal. El Intendente municipal, Arturo Rojas, en compa\u00f1\u00eda del presidente del [&hellip;]<\/p>\n","protected":false},"author":3,"featured_media":95614,"comment_status":"closed","ping_status":"closed","sticky":false,"template":"","format":"standard","meta":{"footnotes":""},"categories":[3],"tags":[],"class_list":["post-95613","post","type-post","status-publish","format-standard","has-post-thumbnail","category-masnoticias"],"_links":{"self":[{"href":"https:\/\/primicias2262.com\/noticias\/wp-json\/wp\/v2\/posts\/95613","targetHints":{"allow":["GET"]}}],"collection":[{"href":"https:\/\/primicias2262.com\/noticias\/wp-json\/wp\/v2\/posts"}],"about":[{"href":"https:\/\/primicias2262.com\/noticias\/wp-json\/wp\/v2\/types\/post"}],"author":[{"embeddable":true,"href":"https:\/\/primicias2262.com\/noticias\/wp-json\/wp\/v2\/users\/3"}],"replies":[{"embeddable":true,"href":"https:\/\/primicias2262.com\/noticias\/wp-json\/wp\/v2\/comments?post=95613"}],"version-history":[{"count":0,"href":"https:\/\/primicias2262.com\/noticias\/wp-json\/wp\/v2\/posts\/95613\/revisions"}],"wp:attachment":[{"href":"https:\/\/primicias2262.com\/noticias\/wp-json\/wp\/v2\/media?parent=95613"}],"wp:term":[{"taxonomy":"category","embeddable":true,"href":"https:\/\/primicias2262.com\/noticias\/wp-json\/wp\/v2\/categories?post=95613"},{"taxonomy":"post_tag","embeddable":true,"href":"https:\/\/primicias2262.com\/noticias\/wp-json\/wp\/v2\/tags?post=95613"}],"curies":[{"name":"wp","href":"https:\/\/api.w.org\/{rel}","templated":true}]}}