{"id":95625,"date":"2022-11-29T13:00:14","date_gmt":"2022-11-29T16:00:14","guid":{"rendered":"https:\/\/primicias2262.com\/?p=95625"},"modified":"2022-11-29T13:00:14","modified_gmt":"2022-11-29T16:00:14","slug":"camino-822-kilometros-para-juntar-fondos-a-beneficio-del-cef-no-76-de-quequen","status":"publish","type":"post","link":"https:\/\/primicias2262.com\/noticias\/camino-822-kilometros-para-juntar-fondos-a-beneficio-del-cef-no-76-de-quequen\/","title":{"rendered":"Camin\u00f3 822 kil\u00f3metros para juntar fondos a beneficio del CEF N\u00ba 76 de Quequ\u00e9n"},"content":{"rendered":"<p>Se trata de Marcela Vivas Urrutia, quien de regreso a Necochea pas\u00f3 por los estudios de \u201cVoces de la Ciudad\u201d y relat\u00f3 su experiencia en Santiago de Compostela, al norte de Espa\u00f1a, destino adonde lleg\u00f3 tras su larga peregrinaci\u00f3n, con el prop\u00f3sito de juntar recursos a trav\u00e9s de los kil\u00f3metros que transitara en Europa para la puesta en valor del CEF N\u00ba 76.<\/p>\n<p>Con la satisfacci\u00f3n del deber cumplido, Marcela dialog\u00f3 con el periodista Jorge G\u00f3mez y manifest\u00f3 que \u201cfue una experiencia \u00fanica, camin\u00e9 822 kil\u00f3metros, sal\u00ed de la frontera del lado franc\u00e9s, cruc\u00e9 los Pirineos caminando con una mochila bastante pesada y camin\u00e9 y camin\u00e9\u2026 llegu\u00e9 al primer pueblo espa\u00f1ol Roncesvalles, que es muy chiquito, pas\u00e9 luego por Pamplona, Logro\u00f1o, Le\u00f3n, Burgos y dem\u00e1s hasta llegar a Santiago de Compostela.Desde que sal\u00ed hasta que llegu\u00e9 pasaron 33 d\u00edas, estuve lesionada y camin\u00e9 32 de esos d\u00edas, y uno de reposo\u201d.<\/p>\n<p>La necochense contextualiz\u00f3 que \u201cen Compostela est\u00e1n los restos del ap\u00f3stol Santiago, el camino son todas esas rutas de peregrinaci\u00f3n en toda Europa que terminan en los restos del ap\u00f3stol, ten\u00e9s caminos que llegan de distintas ciudades. Son todos senderos que ha hecho la gente y yo hice el camino franc\u00e9s. Hay muchas gu\u00edas y cuando sal\u00eds a caminar ya sabes por qu\u00e9 pueblos vas a pasar, incluso, me tocaron 15 d\u00edas de lluvias y tormentas fuertes\u201d.<\/p>\n<p>Al momento de llegar, \u201clas piernas no te dan y es una emoci\u00f3n terrible despu\u00e9s de un mes y pico, con una mochila que vas alivianando, sal\u00ed con 16 kilos y llegu\u00e9 con 13 en el equipaje, que igual es mucho, y muy feliz\u2026 fue sentarse en la plaza y no querer irme, a nivel espiritual es algo espectacular\u201d, relat\u00f3 Marcela.<\/p>\n<p>A\u00f1adi\u00f3 que \u201chay millones de an\u00e9cdotas, cada d\u00eda del camino es como si hicieras un viaje, amanecer en distintos lados, cada d\u00eda es otro desayuno, otro paisaje, otra gente\u2026 entonces cada d\u00eda es una experiencia distinta, conoc\u00e9s historias distintas de la gente, aprend\u00e9s a mirar y observar a la gente\u201d.<\/p>\n<p>\u201cLa meta era juntar fondos para el CEF, que siempre necesita y todo ayuda\u201d, se\u00f1al\u00f3 finalmente Marcela Vivas Urrutia, quien con alegr\u00eda y entusiasmo prometi\u00f3 que pasar\u00e1 el verano en Necochea pero tras esa estaci\u00f3n se pondr\u00e1 a planificar la pr\u00f3xima aventura de su vida.<\/p>\n","protected":false},"excerpt":{"rendered":"<p>Se trata de Marcela Vivas Urrutia, quien de regreso a Necochea pas\u00f3 por los estudios de \u201cVoces de la Ciudad\u201d y relat\u00f3 su experiencia en Santiago de Compostela, al norte de Espa\u00f1a, destino adonde lleg\u00f3 tras su larga peregrinaci\u00f3n, con el prop\u00f3sito de juntar recursos a trav\u00e9s de los kil\u00f3metros que transitara en Europa para [&hellip;]<\/p>\n","protected":false},"author":3,"featured_media":95626,"comment_status":"closed","ping_status":"closed","sticky":false,"template":"","format":"standard","meta":{"footnotes":""},"categories":[3],"tags":[],"class_list":["post-95625","post","type-post","status-publish","format-standard","has-post-thumbnail","category-masnoticias"],"_links":{"self":[{"href":"https:\/\/primicias2262.com\/noticias\/wp-json\/wp\/v2\/posts\/95625","targetHints":{"allow":["GET"]}}],"collection":[{"href":"https:\/\/primicias2262.com\/noticias\/wp-json\/wp\/v2\/posts"}],"about":[{"href":"https:\/\/primicias2262.com\/noticias\/wp-json\/wp\/v2\/types\/post"}],"author":[{"embeddable":true,"href":"https:\/\/primicias2262.com\/noticias\/wp-json\/wp\/v2\/users\/3"}],"replies":[{"embeddable":true,"href":"https:\/\/primicias2262.com\/noticias\/wp-json\/wp\/v2\/comments?post=95625"}],"version-history":[{"count":0,"href":"https:\/\/primicias2262.com\/noticias\/wp-json\/wp\/v2\/posts\/95625\/revisions"}],"wp:attachment":[{"href":"https:\/\/primicias2262.com\/noticias\/wp-json\/wp\/v2\/media?parent=95625"}],"wp:term":[{"taxonomy":"category","embeddable":true,"href":"https:\/\/primicias2262.com\/noticias\/wp-json\/wp\/v2\/categories?post=95625"},{"taxonomy":"post_tag","embeddable":true,"href":"https:\/\/primicias2262.com\/noticias\/wp-json\/wp\/v2\/tags?post=95625"}],"curies":[{"name":"wp","href":"https:\/\/api.w.org\/{rel}","templated":true}]}}