{"id":95631,"date":"2022-11-29T14:09:13","date_gmt":"2022-11-29T17:09:13","guid":{"rendered":"https:\/\/primicias2262.com\/?p=95631"},"modified":"2022-11-29T14:09:13","modified_gmt":"2022-11-29T17:09:13","slug":"no-hay-casos-de-covid-en-necochea-pero-instan-a-vacunarse-en-los-caps-fomento-y-sudoeste","status":"publish","type":"post","link":"https:\/\/primicias2262.com\/noticias\/no-hay-casos-de-covid-en-necochea-pero-instan-a-vacunarse-en-los-caps-fomento-y-sudoeste\/","title":{"rendered":"No hay casos de Covid en Necochea pero instan a vacunarse en los CAPS Fomento y Sudoeste"},"content":{"rendered":"<p>A partir de este jueves 1\u00ba de diciembre, los CAPS Fomento de Quequ\u00e9n y Sudoeste de Necochea ser\u00e1n los \u00fanicos dos lugares asignados totalmente para la vacunaci\u00f3n Covid, de 8 a 14, y ya no en el Hospital Modular. As\u00ed lo confirm\u00f3 la directora de Atenci\u00f3n Primaria de la Salud, Carina Mazeris, durante una nota telef\u00f3nica en \u201cVoces de la Ciudad\u201d, realizada por el periodista Jorge G\u00f3mez.<\/p>\n<p>La pediatra comenz\u00f3 informando que \u201chasta ahora no hay casos de Covid en Necochea, si bien no se est\u00e1 testeando masivamente, los que se han testeado no han dado positivo, pero hay que tener en cuenta el flujo de gente que va a llegar para la temporada\u201d.<\/p>\n<p>En ese marco, y teniendo en cuenta el crecimiento de casos en el AMBA, la funcionaria insisti\u00f3 en la vacunaci\u00f3n COVID y comunic\u00f3 los cambios log\u00edsticos: \u201cA partir de este mi\u00e9rcoles 30 de noviembre los centros de vacunaci\u00f3n Covid van a cambiar, se sale del Hospital Modular y van a ser el Centro de Salud Fomento de Quequ\u00e9n en 519 N\u00ba 2267 y el Centro de Salud Sudoeste en Necochea en el barrio Capuchinos, en 81 y 58\u2026 va a ser en conjunto con el Ministerio de Salud de la Provincia de Buenos Aires\u201d.<\/p>\n<p>\u201cDe 8 a 14 se har\u00e1 solo Covid en estos dos CAPS que est\u00e1n designados, ma\u00f1ana se termina la mudanza y se empieza a partir del jueves 1\u00ba\u201d, aclar\u00f3 Mazeris.<\/p>\n<p>En cuanto a las principales indicaciones, la profesional detall\u00f3: \u201cLos que vienen con incompleta para la cuarta, pueden recibir la cuarta; los que tienen indicaciones un poco m\u00e1s espec\u00edficas, la quinta dosis es para las personas mayores de 50 a\u00f1os que tengan cuatro meses de diferencia con el \u00faltimo refuerzo; y los mayores de 18 a\u00f1os que tengan alguna enfermedad de riesgo; y la sexta dosis que tambi\u00e9n tienen que haber pasado cuatro meses del \u00faltimo refuerzo es para los mayores de 12 a\u00f1os solamente que son inmunocomprometidos, con enfermedad de base, y los mayores de 50 a\u00f1os, siempre y cuando las dos primeras dosis hayan sido de Sinopharm\u201d.<\/p>\n<p>Reafirm\u00f3 que \u201cen el Hospital Modular ya no se van a dar dosis Covid\u201d, Mazeris finaliz\u00f3 informando que \u201cen el resto de los CAPS hay esquemas habituales, de calendario y hasta el 11 de diciembre seguimos trabajando con la campa\u00f1a nacional en triple viral: sarampi\u00f3n rub\u00e9ola y paperas, y Salk para la polio, para todos los ni\u00f1os entre 13 meses y 5 a\u00f1os. Independientemente de que hayan recibido bien las vacunas de calendario igual necesitan este refuerzo. No son vacunas nuevas, pero como una dosis extra\u201d.<\/p>\n","protected":false},"excerpt":{"rendered":"<p>A partir de este jueves 1\u00ba de diciembre, los CAPS Fomento de Quequ\u00e9n y Sudoeste de Necochea ser\u00e1n los \u00fanicos dos lugares asignados totalmente para la vacunaci\u00f3n Covid, de 8 a 14, y ya no en el Hospital Modular. As\u00ed lo confirm\u00f3 la directora de Atenci\u00f3n Primaria de la Salud, Carina Mazeris, durante una nota [&hellip;]<\/p>\n","protected":false},"author":3,"featured_media":73592,"comment_status":"closed","ping_status":"closed","sticky":false,"template":"","format":"standard","meta":{"footnotes":""},"categories":[3],"tags":[],"class_list":["post-95631","post","type-post","status-publish","format-standard","has-post-thumbnail","category-masnoticias"],"_links":{"self":[{"href":"https:\/\/primicias2262.com\/noticias\/wp-json\/wp\/v2\/posts\/95631","targetHints":{"allow":["GET"]}}],"collection":[{"href":"https:\/\/primicias2262.com\/noticias\/wp-json\/wp\/v2\/posts"}],"about":[{"href":"https:\/\/primicias2262.com\/noticias\/wp-json\/wp\/v2\/types\/post"}],"author":[{"embeddable":true,"href":"https:\/\/primicias2262.com\/noticias\/wp-json\/wp\/v2\/users\/3"}],"replies":[{"embeddable":true,"href":"https:\/\/primicias2262.com\/noticias\/wp-json\/wp\/v2\/comments?post=95631"}],"version-history":[{"count":0,"href":"https:\/\/primicias2262.com\/noticias\/wp-json\/wp\/v2\/posts\/95631\/revisions"}],"wp:attachment":[{"href":"https:\/\/primicias2262.com\/noticias\/wp-json\/wp\/v2\/media?parent=95631"}],"wp:term":[{"taxonomy":"category","embeddable":true,"href":"https:\/\/primicias2262.com\/noticias\/wp-json\/wp\/v2\/categories?post=95631"},{"taxonomy":"post_tag","embeddable":true,"href":"https:\/\/primicias2262.com\/noticias\/wp-json\/wp\/v2\/tags?post=95631"}],"curies":[{"name":"wp","href":"https:\/\/api.w.org\/{rel}","templated":true}]}}