{"id":95634,"date":"2022-11-29T14:16:49","date_gmt":"2022-11-29T17:16:49","guid":{"rendered":"https:\/\/primicias2262.com\/?p=95634"},"modified":"2022-11-29T14:16:49","modified_gmt":"2022-11-29T17:16:49","slug":"convocan-a-artistas-callejeros-a-registrarse-para-actuar-durante-la-temporada","status":"publish","type":"post","link":"https:\/\/primicias2262.com\/noticias\/convocan-a-artistas-callejeros-a-registrarse-para-actuar-durante-la-temporada\/","title":{"rendered":"Convocan a artistas callejeros a registrarse para actuar durante la temporada"},"content":{"rendered":"<p><strong>Desde este martes 29 al venidero jueves 1\u00ba de diciembre, los interesados en inscribirse deber\u00e1n acercarse a la Secretar\u00eda de Turismo, en Av. 2 y 87.<\/strong><\/p>\n<p>La Secretar\u00eda de Turismo y Desarrollo Productivo convoca a artistas callejeros para las peatonales 83 y 85 a inscribirse en el registro de la temporada 2022\/2023, desde este martes 29 hasta este jueves 1\u00ba de diciembre en la oficina de Av. 2 N\u00ba 4301, en el horario de 8 a 13 hs.<\/p>\n<p>Desde la dependencia municipal que encabeza Mat\u00edas Sierra, informaron que una vez que los artistas presenten toda la documentaci\u00f3n pertinente se les ir\u00e1 asignando un lugar determinado en las peatonales mencionadas y luego se habilitar\u00e1 oportunamente el espacio para comenzar.<\/p>\n","protected":false},"excerpt":{"rendered":"<p>Desde este martes 29 al venidero jueves 1\u00ba de diciembre, los interesados en inscribirse deber\u00e1n acercarse a la Secretar\u00eda de Turismo, en Av. 2 y 87. La Secretar\u00eda de Turismo y Desarrollo Productivo convoca a artistas callejeros para las peatonales 83 y 85 a inscribirse en el registro de la temporada 2022\/2023, desde este martes [&hellip;]<\/p>\n","protected":false},"author":3,"featured_media":95636,"comment_status":"closed","ping_status":"closed","sticky":false,"template":"","format":"standard","meta":{"footnotes":""},"categories":[3],"tags":[],"class_list":["post-95634","post","type-post","status-publish","format-standard","has-post-thumbnail","category-masnoticias"],"_links":{"self":[{"href":"https:\/\/primicias2262.com\/noticias\/wp-json\/wp\/v2\/posts\/95634","targetHints":{"allow":["GET"]}}],"collection":[{"href":"https:\/\/primicias2262.com\/noticias\/wp-json\/wp\/v2\/posts"}],"about":[{"href":"https:\/\/primicias2262.com\/noticias\/wp-json\/wp\/v2\/types\/post"}],"author":[{"embeddable":true,"href":"https:\/\/primicias2262.com\/noticias\/wp-json\/wp\/v2\/users\/3"}],"replies":[{"embeddable":true,"href":"https:\/\/primicias2262.com\/noticias\/wp-json\/wp\/v2\/comments?post=95634"}],"version-history":[{"count":0,"href":"https:\/\/primicias2262.com\/noticias\/wp-json\/wp\/v2\/posts\/95634\/revisions"}],"wp:attachment":[{"href":"https:\/\/primicias2262.com\/noticias\/wp-json\/wp\/v2\/media?parent=95634"}],"wp:term":[{"taxonomy":"category","embeddable":true,"href":"https:\/\/primicias2262.com\/noticias\/wp-json\/wp\/v2\/categories?post=95634"},{"taxonomy":"post_tag","embeddable":true,"href":"https:\/\/primicias2262.com\/noticias\/wp-json\/wp\/v2\/tags?post=95634"}],"curies":[{"name":"wp","href":"https:\/\/api.w.org\/{rel}","templated":true}]}}