{"id":95650,"date":"2022-11-29T18:09:18","date_gmt":"2022-11-29T21:09:18","guid":{"rendered":"https:\/\/primicias2262.com\/?p=95650"},"modified":"2022-11-29T18:09:18","modified_gmt":"2022-11-29T21:09:18","slug":"jimena-lopez-seria-la-nueva-secretaria-de-transporte-de-la-nacion","status":"publish","type":"post","link":"https:\/\/primicias2262.com\/noticias\/jimena-lopez-seria-la-nueva-secretaria-de-transporte-de-la-nacion\/","title":{"rendered":"Jimena L\u00f3pez ser\u00eda la nueva secretaria de  Transporte de la Naci\u00f3n"},"content":{"rendered":"<p><strong>Por Jorge G\u00f3mez<\/strong><\/p>\n<p>Fuertes trascendidos de voces fiables requeridas esta siesta est\u00e1n anticipando la posible designaci\u00f3n como nueva secretaria de Transporte de la Naci\u00f3n de la actual diputada nacional, licenciada Mar\u00eda Jimena L\u00f3pez quien, de ser as\u00ed, estar\u00eda asumiendo el cargo el pr\u00f3ximo jueves 1 de diciembre.<\/p>\n<p>La legisladora del bloque del Frente de Todos en el Congreso Nacional, oriunda de las filas del Frente Renovador que lidera el ministro de Econom\u00eda de la Naci\u00f3n, Sergio Massa, se sumar\u00eda -de ratificarse esta novedad- al recambio pol\u00edtico de nombres que se vienen dando en el Ministerio de Transporte de la Naci\u00f3n.<\/p>\n<p>De darse esta circunstancia Jimena L\u00f3pez pasar\u00eda a dejar su labor legislativa para llevar adelante una de car\u00e1cter ejecutiva, en este caso en la \u00f3rbita nacional.<\/p>\n","protected":false},"excerpt":{"rendered":"<p>Por Jorge G\u00f3mez Fuertes trascendidos de voces fiables requeridas esta siesta est\u00e1n anticipando la posible designaci\u00f3n como nueva secretaria de Transporte de la Naci\u00f3n de la actual diputada nacional, licenciada Mar\u00eda Jimena L\u00f3pez quien, de ser as\u00ed, estar\u00eda asumiendo el cargo el pr\u00f3ximo jueves 1 de diciembre. La legisladora del bloque del Frente de Todos [&hellip;]<\/p>\n","protected":false},"author":3,"featured_media":95651,"comment_status":"closed","ping_status":"closed","sticky":false,"template":"","format":"standard","meta":{"footnotes":""},"categories":[3],"tags":[],"class_list":["post-95650","post","type-post","status-publish","format-standard","has-post-thumbnail","category-masnoticias"],"_links":{"self":[{"href":"https:\/\/primicias2262.com\/noticias\/wp-json\/wp\/v2\/posts\/95650","targetHints":{"allow":["GET"]}}],"collection":[{"href":"https:\/\/primicias2262.com\/noticias\/wp-json\/wp\/v2\/posts"}],"about":[{"href":"https:\/\/primicias2262.com\/noticias\/wp-json\/wp\/v2\/types\/post"}],"author":[{"embeddable":true,"href":"https:\/\/primicias2262.com\/noticias\/wp-json\/wp\/v2\/users\/3"}],"replies":[{"embeddable":true,"href":"https:\/\/primicias2262.com\/noticias\/wp-json\/wp\/v2\/comments?post=95650"}],"version-history":[{"count":0,"href":"https:\/\/primicias2262.com\/noticias\/wp-json\/wp\/v2\/posts\/95650\/revisions"}],"wp:attachment":[{"href":"https:\/\/primicias2262.com\/noticias\/wp-json\/wp\/v2\/media?parent=95650"}],"wp:term":[{"taxonomy":"category","embeddable":true,"href":"https:\/\/primicias2262.com\/noticias\/wp-json\/wp\/v2\/categories?post=95650"},{"taxonomy":"post_tag","embeddable":true,"href":"https:\/\/primicias2262.com\/noticias\/wp-json\/wp\/v2\/tags?post=95650"}],"curies":[{"name":"wp","href":"https:\/\/api.w.org\/{rel}","templated":true}]}}