{"id":95666,"date":"2022-11-30T14:30:39","date_gmt":"2022-11-30T17:30:39","guid":{"rendered":"https:\/\/primicias2262.com\/?p=95666"},"modified":"2022-11-30T14:30:39","modified_gmt":"2022-11-30T17:30:39","slug":"aumento-de-las-tasas-municipales-la-nueva-necochea-sigue-sin-aparecer","status":"publish","type":"post","link":"https:\/\/primicias2262.com\/noticias\/aumento-de-las-tasas-municipales-la-nueva-necochea-sigue-sin-aparecer\/","title":{"rendered":"Aumento de las tasas municipales: \u00abLa Nueva Necochea sigue sin aparecer\u00bb"},"content":{"rendered":"<p>El referente de la Corriente de la Militancia Peronista en Necochea, Roberto G\u00f3mez, se\u00f1al\u00f3 que la sesi\u00f3n del Concejo Deliberante en la que se aprob\u00f3 el aumento promedio del 75% de las tasas municipales \u00abm\u00e1s que tranquila fue\u00a0 pobre y triste\u00bb porque \u00abno hubo pr\u00e1cticamente debate, no hubo propuestas alternativas, s\u00f3lo se analiz\u00f3 el proyecto del oficialismo que tampoco tiene ninguna idea nueva \u00bb .<\/p>\n<p>Tras criticar el voto positivo del concejal del Frente de Todos, Rafael I\u00e1cono, admiti\u00f3 que \u00abel aumento de las tasas municipales siempre genera controversias porque es un tema complejo y no muy agradable de tratar y de votar, sino consult\u00e9mosle a cualquier vecino o vecina que est\u00e1 pele\u00e1ndola todos los d\u00edas\u00a0y ahora tiene que afrontar tambi\u00e9n este aumento\u00bb .<\/p>\n<p>\u00abEscuchaba al presidente del Concejo (Deliberante), Guillermo S\u00e1nchez, y en parte coincido porque el dice que la oposici\u00f3n no trajo ninguna idea y entonces no hubo nada para discutir\u00bb .<\/p>\n<p>Con respecto al voto positivo del concejal I\u00e1cono, consider\u00f3 que \u00able caben las generales de la ley, ya que no puede decir que no hubo ninguna propuesta; porque \u00e9l tampoco la hizo\u00bb y agreg\u00f3 que \u00abes triste que los concejales digan eso, porque tienen tiempo para estudiar la Fiscal Impositiva y si no lo tienen deber\u00edan pedirle al Ejecutivo m\u00e1s plazo para tratarla\u00bb.<\/p>\n<p>\u00abLlama la atenci\u00f3n el apuro del Ejecutivo para tratar el tema, porque la Fiscal Impositiva siempre viene atada a la discusi\u00f3n del Presupuesto, pero al oficialismo no se le cae una idea, en principio, porque no hay un planteo de austeridad o de achicar gastos por alg\u00fan lado, que es lo que nos pasa a nosotros en los hogares\u00bb, puntualiz\u00f3.<\/p>\n<p>G\u00f3mez opin\u00f3, m\u00e1s adelante que \u00abel Ejecutivo no genera ning\u00fan ahorro, ya que el municipio alquila entre 8 y 10 edificios y no hay ning\u00fan proyecto planteando, por caso arreglar el edificio del Casino, que es municipal, y ah\u00ed instalar Turismo, Educaci\u00f3n o Salud, para generar un polo municipal para dejar de pagar alquileres\u00bb.<\/p>\n<p>\u00abOtro ejemplo, ser\u00eda ponerles GPS a los veh\u00edculos municipales para controlar por donde andan las camionetas, los camiones y los autos y conocer qu\u00e9 recorrido para comprobar si los empleados est\u00e1n trabajando o si los usan para hacer los mandados, para hacer tramites personales o para ir a buscar a los hijos al colegio\u00bb, puntualiz\u00f3.<\/p>\n<p>En ese aspecto, se\u00f1al\u00f3 que \u00ablos concejales que nos deben cuidar a nosotros y el bolsillo de los contribuyentes tienen que mirar eso\u00bb y a\u00f1adi\u00f3 que \u00abno se observan medidas para mejorar la recaudaci\u00f3n porque siempre pagan los mismos y hay un sector que no paga nunca y despu\u00e9s van a la moratoria del momento \u00ab.<\/p>\n<p>Con respecto al voto de los concejales, dijo que nosotros (por el Frente de Todos) tenemos un mandato desde el peronismo de defender los intereses de los trabajadores, los desocupados y los jubilados, por eso no comparto el voto de I\u00e1cono, porque adem\u00e1s es secretario general de un gremio\u00bb.<\/p>\n<p>\u00abEn la lectura pol\u00edtica, no hac\u00eda falta su voto, porque el oficialismo ya ten\u00eda con Norma Al\u00ed los diez votos y luego desempataba el presidente del Concejo. Entonces porqu\u00e9 I\u00e1cono acompa\u00f1\u00f3 este aumento no lo s\u00e9, tendr\u00e1 que darle explicacionesa los vecinos que lo votaron\u00bb, manifest\u00f3 G\u00f3mez.<\/p>\n<p>Asimismo puntualiz\u00f3 que \u00abel 75% de aumento de las tasas es mentiroso, es promedio, pero hay vecinos que van a pagar m\u00e1s del 120 o 140% de aumento y otros que van a pagar el 40\u00bb<\/p>\n<p>Finalmente se\u00f1al\u00f3 que\u00a0 \u00abel vecino que no tiene un buen alumbrado p\u00fablico, tiene las calles rotas, el servicio de micros no es bueno, los taxis y remises siguen con problemas, y la basura no se la recogen como corresponde, ahora piensa, que encima de que me est\u00e1n dando un servicio malo, me aumentan las tasas\u00bb.<\/p>\n","protected":false},"excerpt":{"rendered":"<p>El referente de la Corriente de la Militancia Peronista en Necochea, Roberto G\u00f3mez, se\u00f1al\u00f3 que la sesi\u00f3n del Concejo Deliberante en la que se aprob\u00f3 el aumento promedio del 75% de las tasas municipales \u00abm\u00e1s que tranquila fue\u00a0 pobre y triste\u00bb porque \u00abno hubo pr\u00e1cticamente debate, no hubo propuestas alternativas, s\u00f3lo se analiz\u00f3 el proyecto [&hellip;]<\/p>\n","protected":false},"author":3,"featured_media":95544,"comment_status":"closed","ping_status":"closed","sticky":false,"template":"","format":"standard","meta":{"footnotes":""},"categories":[3],"tags":[],"class_list":["post-95666","post","type-post","status-publish","format-standard","has-post-thumbnail","category-masnoticias"],"_links":{"self":[{"href":"https:\/\/primicias2262.com\/noticias\/wp-json\/wp\/v2\/posts\/95666","targetHints":{"allow":["GET"]}}],"collection":[{"href":"https:\/\/primicias2262.com\/noticias\/wp-json\/wp\/v2\/posts"}],"about":[{"href":"https:\/\/primicias2262.com\/noticias\/wp-json\/wp\/v2\/types\/post"}],"author":[{"embeddable":true,"href":"https:\/\/primicias2262.com\/noticias\/wp-json\/wp\/v2\/users\/3"}],"replies":[{"embeddable":true,"href":"https:\/\/primicias2262.com\/noticias\/wp-json\/wp\/v2\/comments?post=95666"}],"version-history":[{"count":0,"href":"https:\/\/primicias2262.com\/noticias\/wp-json\/wp\/v2\/posts\/95666\/revisions"}],"wp:attachment":[{"href":"https:\/\/primicias2262.com\/noticias\/wp-json\/wp\/v2\/media?parent=95666"}],"wp:term":[{"taxonomy":"category","embeddable":true,"href":"https:\/\/primicias2262.com\/noticias\/wp-json\/wp\/v2\/categories?post=95666"},{"taxonomy":"post_tag","embeddable":true,"href":"https:\/\/primicias2262.com\/noticias\/wp-json\/wp\/v2\/tags?post=95666"}],"curies":[{"name":"wp","href":"https:\/\/api.w.org\/{rel}","templated":true}]}}