{"id":95671,"date":"2022-11-30T14:41:07","date_gmt":"2022-11-30T17:41:07","guid":{"rendered":"https:\/\/primicias2262.com\/?p=95671"},"modified":"2022-11-30T14:41:07","modified_gmt":"2022-11-30T17:41:07","slug":"nuevos-logros-de-la-karateca-rosa-parson-en-buenos-aires","status":"publish","type":"post","link":"https:\/\/primicias2262.com\/noticias\/nuevos-logros-de-la-karateca-rosa-parson-en-buenos-aires\/","title":{"rendered":"Nuevos logros de la karateca Rosa Parson en Buenos Aires"},"content":{"rendered":"<p>La necochense Rosa Parson logr\u00f3 subirse nuevamente\u00a0al podio obteniendo Medalla de Plata en el 20 \u00b0Torneo Nacional Clausura de Karate realizado en el CeNARD, el pasado s\u00e1bado 26 de noviembre, ubicado en CABA.<\/p>\n<div>Parson, Sensei 2\u00b0 Dan del Centro de Formaci\u00f3n Kin\u00e9tica, CFK, e integrante del dojo Sochin que dirige el Sensei Julio Dolimpio (4\u00b0 Dan) cierra en lo m\u00e1s alto un a\u00f1o plet\u00f3rico de triunfos, obteniendo victorias en competencias nacionales,\u00a0 provinciales y regionales que la ubicaron entre las mejores del pa\u00eds.<\/div>\n<div>Represent\u00f3 a la provincia de Buenos aires y a nuestra ciudad, respectivamente, finalizando el 2022 con su participaci\u00f3n en esta \u00faltima competencia del calendario anual de la Federaci\u00f3n Argentina de Karate, FAK, en la que pudo medirse con el mayor \u00e9xito frente a competidoras de todo el pa\u00eds.<\/div>\n","protected":false},"excerpt":{"rendered":"<p>La necochense Rosa Parson logr\u00f3 subirse nuevamente\u00a0al podio obteniendo Medalla de Plata en el 20 \u00b0Torneo Nacional Clausura de Karate realizado en el CeNARD, el pasado s\u00e1bado 26 de noviembre, ubicado en CABA. Parson, Sensei 2\u00b0 Dan del Centro de Formaci\u00f3n Kin\u00e9tica, CFK, e integrante del dojo Sochin que dirige el Sensei Julio Dolimpio (4\u00b0 [&hellip;]<\/p>\n","protected":false},"author":3,"featured_media":95677,"comment_status":"closed","ping_status":"closed","sticky":false,"template":"","format":"standard","meta":{"footnotes":""},"categories":[3],"tags":[],"class_list":["post-95671","post","type-post","status-publish","format-standard","has-post-thumbnail","category-masnoticias"],"_links":{"self":[{"href":"https:\/\/primicias2262.com\/noticias\/wp-json\/wp\/v2\/posts\/95671","targetHints":{"allow":["GET"]}}],"collection":[{"href":"https:\/\/primicias2262.com\/noticias\/wp-json\/wp\/v2\/posts"}],"about":[{"href":"https:\/\/primicias2262.com\/noticias\/wp-json\/wp\/v2\/types\/post"}],"author":[{"embeddable":true,"href":"https:\/\/primicias2262.com\/noticias\/wp-json\/wp\/v2\/users\/3"}],"replies":[{"embeddable":true,"href":"https:\/\/primicias2262.com\/noticias\/wp-json\/wp\/v2\/comments?post=95671"}],"version-history":[{"count":0,"href":"https:\/\/primicias2262.com\/noticias\/wp-json\/wp\/v2\/posts\/95671\/revisions"}],"wp:attachment":[{"href":"https:\/\/primicias2262.com\/noticias\/wp-json\/wp\/v2\/media?parent=95671"}],"wp:term":[{"taxonomy":"category","embeddable":true,"href":"https:\/\/primicias2262.com\/noticias\/wp-json\/wp\/v2\/categories?post=95671"},{"taxonomy":"post_tag","embeddable":true,"href":"https:\/\/primicias2262.com\/noticias\/wp-json\/wp\/v2\/tags?post=95671"}],"curies":[{"name":"wp","href":"https:\/\/api.w.org\/{rel}","templated":true}]}}