{"id":95674,"date":"2022-11-30T14:46:17","date_gmt":"2022-11-30T17:46:17","guid":{"rendered":"https:\/\/primicias2262.com\/?p=95674"},"modified":"2022-11-30T14:46:17","modified_gmt":"2022-11-30T17:46:17","slug":"sabe-la-tierra-estara-presente-en-los-100-anos-de-puerto-quequen","status":"publish","type":"post","link":"https:\/\/primicias2262.com\/noticias\/sabe-la-tierra-estara-presente-en-los-100-anos-de-puerto-quequen\/","title":{"rendered":"Sabe la Tierra estar\u00e1 presente en los 100 a\u00f1os de Puerto Quequ\u00e9n"},"content":{"rendered":"<p>El mercado de productores locales\u00a0<b>Sabe la Tierra<\/b>\u00a0se suma a los festejos por los\u00a0<b>100 a\u00f1os del Puerto Quequ\u00e9n\u00a0<\/b>y s\u00f3lo este fin de semana no estar\u00e1n, como es costumbre, en el Parque\u00a0Miguel Lillo.<\/p>\n<p><b>Sabe la Tierra<\/b>\u00a0estar\u00e1 presente s\u00e1bado 3 y domingo 4 de diciembre con una propuesta de 20 emprendimientos, con varios puestos gastron\u00f3micos entre los que se destacan: una paella gigante, empanadas de pescado local, tartas integrales, pizzas de masamadre, ciabattas, focaccias, picadas, sandwiches vegetarianos, pollo al disco, bondiola braseada, pasteler\u00eda, jugos naturales, entre otras propuestas.<\/p>\n<p>Tambi\u00e9n contar\u00e1 con un corredor de dise\u00f1o sustentable y cosm\u00e9tica natural y varios puestos de productos locales para llevar: dulces y conservas, miel, panificados, pasta de man\u00ed, quesos y chacinados, huevos de campo, budines y frutas disecadas.<\/p>\n<p>Tambi\u00e9n se suman al 100\u00b0 Aniversario del puerto La Bomba de Tiempo con su ritmo de percusi\u00f3n. Habr\u00e1 kermese, juegos para todas las edades, arte, bandas locales, Los Borbotones, La Pe\u00f1aloza, Canap\u00e9 de Polenta, el Payaso Abelardo, stands institucionales portuarios, premios, sorteos y muchas m\u00e1s sorpresas, adem\u00e1s desde ya de la presencia de <b>Sabe la Tierra<\/b>\u00a0y su gastronom\u00eda saludable de manos de productores locales.<\/p>\n<p>El impacto de\u00a0<b>Sabe la Tierra<\/b>\u00a0en cada Municipio se basa en la posibilidad de que los productores cuenten con un espacio de venta, obtengan un pago justo por su trabajo, los consumidores acceden a alimentos saludables cerca de su casa y realizan compras responsables y la comunidad gana generando conciencia acerca de los beneficios de consumir en forma local y natural, respetando los derechos sociales y preservando el medio ambiente.<\/p>\n<p><b>Sabe la Tierra<\/b>\u00a0es una Asociaci\u00f3n Civil que tiene como misi\u00f3n difundir el paradigma de la sustentabilidad a trav\u00e9s de la\u00a0<b>comunicaci\u00f3n<\/b>, la\u00a0<b>educaci\u00f3n<\/b>\u00a0y la\u00a0<b>promoci\u00f3n del comercio justo y el consumo responsable.<\/b><\/p>\n","protected":false},"excerpt":{"rendered":"<p>El mercado de productores locales\u00a0Sabe la Tierra\u00a0se suma a los festejos por los\u00a0100 a\u00f1os del Puerto Quequ\u00e9n\u00a0y s\u00f3lo este fin de semana no estar\u00e1n, como es costumbre, en el Parque\u00a0Miguel Lillo. Sabe la Tierra\u00a0estar\u00e1 presente s\u00e1bado 3 y domingo 4 de diciembre con una propuesta de 20 emprendimientos, con varios puestos gastron\u00f3micos entre los que [&hellip;]<\/p>\n","protected":false},"author":3,"featured_media":95675,"comment_status":"closed","ping_status":"closed","sticky":false,"template":"","format":"standard","meta":{"footnotes":""},"categories":[3],"tags":[],"class_list":["post-95674","post","type-post","status-publish","format-standard","has-post-thumbnail","category-masnoticias"],"_links":{"self":[{"href":"https:\/\/primicias2262.com\/noticias\/wp-json\/wp\/v2\/posts\/95674","targetHints":{"allow":["GET"]}}],"collection":[{"href":"https:\/\/primicias2262.com\/noticias\/wp-json\/wp\/v2\/posts"}],"about":[{"href":"https:\/\/primicias2262.com\/noticias\/wp-json\/wp\/v2\/types\/post"}],"author":[{"embeddable":true,"href":"https:\/\/primicias2262.com\/noticias\/wp-json\/wp\/v2\/users\/3"}],"replies":[{"embeddable":true,"href":"https:\/\/primicias2262.com\/noticias\/wp-json\/wp\/v2\/comments?post=95674"}],"version-history":[{"count":0,"href":"https:\/\/primicias2262.com\/noticias\/wp-json\/wp\/v2\/posts\/95674\/revisions"}],"wp:attachment":[{"href":"https:\/\/primicias2262.com\/noticias\/wp-json\/wp\/v2\/media?parent=95674"}],"wp:term":[{"taxonomy":"category","embeddable":true,"href":"https:\/\/primicias2262.com\/noticias\/wp-json\/wp\/v2\/categories?post=95674"},{"taxonomy":"post_tag","embeddable":true,"href":"https:\/\/primicias2262.com\/noticias\/wp-json\/wp\/v2\/tags?post=95674"}],"curies":[{"name":"wp","href":"https:\/\/api.w.org\/{rel}","templated":true}]}}