{"id":95700,"date":"2022-12-01T21:50:13","date_gmt":"2022-12-02T00:50:13","guid":{"rendered":"https:\/\/primicias2262.com\/?p=95700"},"modified":"2022-12-01T21:50:13","modified_gmt":"2022-12-02T00:50:13","slug":"alma-una-pequena-necochense-de-6-anos-tuvo-una-exitosa-operacion-de-vista","status":"publish","type":"post","link":"https:\/\/primicias2262.com\/noticias\/alma-una-pequena-necochense-de-6-anos-tuvo-una-exitosa-operacion-de-vista\/","title":{"rendered":"Alma, una peque\u00f1a necochense de 6 a\u00f1os, tuvo una exitosa operaci\u00f3n de vista"},"content":{"rendered":"<p>El abuelo de la ni\u00f1a, Ariel Bracklo expres\u00f3 un profundo agradecimiento al gran n\u00famero de personas que colaboraron para que la familia de Alma pudiera afrontar una intervenci\u00f3n de 400 mil pesos en Mar del Plata, la cual sali\u00f3 \u00f3ptima.<\/p>\n<p>En \u201cVoces de la Ciudad\u201d, Bracklo dialog\u00f3 con el periodista Jorge G\u00f3mez y sintetiz\u00f3 inicialmente que \u201cAlma est\u00e1 bien, la cirug\u00eda fue el viernes en la Cl\u00ednica de la Madre y el Ni\u00f1o, el s\u00e1bado le dieron el alta y ahora estamos viajando por control\u201d.<\/p>\n<p>Tras ello expres\u00f3 emocionado que \u201ctoda la familia queremos agradecer la gentileza de toda la gente de Necochea, la zona y los medios, por el aporte que nos hicieron porque no es f\u00e1cil conseguir 400 mil pesos que es lo que sale la cirug\u00eda\u201d.<\/p>\n<p>Alma cumpli\u00f3 recientemente 6 a\u00f1os en la Cl\u00ednica de la Madre y ten\u00eda desviaci\u00f3n de un ojo. \u201cEsa desviaci\u00f3n del ojo se llev\u00f3 al otro y entonces le hicieron una centralizaci\u00f3n y le alinearon los ojitos porque estaba viendo doble\u2026 sali\u00f3 b\u00e1rbaro la operaci\u00f3n y solo tenemos palabras de agradecimiento a la gente porque no hubiese sido posible juntar la plata f\u00e1cil en un mes\u201d, acot\u00f3 Ariel.<\/p>\n<p>Finalmente, insisti\u00f3 en que \u201ctuvimos muchas ayudas, pila de gente de Necochea y de la zona, una cosa que no se explica as\u00ed nom\u00e1s y estamos muy agradecidos, su pap\u00e1 V\u00edctor Irrazabal y la mam\u00e1 se llama Daniela Bracklo, y tiene un hermanito de 9 a\u00f1os que se llama Felipe\u201d, culmin\u00f3.<\/p>\n","protected":false},"excerpt":{"rendered":"<p>El abuelo de la ni\u00f1a, Ariel Bracklo expres\u00f3 un profundo agradecimiento al gran n\u00famero de personas que colaboraron para que la familia de Alma pudiera afrontar una intervenci\u00f3n de 400 mil pesos en Mar del Plata, la cual sali\u00f3 \u00f3ptima. En \u201cVoces de la Ciudad\u201d, Bracklo dialog\u00f3 con el periodista Jorge G\u00f3mez y sintetiz\u00f3 inicialmente [&hellip;]<\/p>\n","protected":false},"author":3,"featured_media":95701,"comment_status":"closed","ping_status":"closed","sticky":false,"template":"","format":"standard","meta":{"footnotes":""},"categories":[3],"tags":[],"class_list":["post-95700","post","type-post","status-publish","format-standard","has-post-thumbnail","category-masnoticias"],"_links":{"self":[{"href":"https:\/\/primicias2262.com\/noticias\/wp-json\/wp\/v2\/posts\/95700","targetHints":{"allow":["GET"]}}],"collection":[{"href":"https:\/\/primicias2262.com\/noticias\/wp-json\/wp\/v2\/posts"}],"about":[{"href":"https:\/\/primicias2262.com\/noticias\/wp-json\/wp\/v2\/types\/post"}],"author":[{"embeddable":true,"href":"https:\/\/primicias2262.com\/noticias\/wp-json\/wp\/v2\/users\/3"}],"replies":[{"embeddable":true,"href":"https:\/\/primicias2262.com\/noticias\/wp-json\/wp\/v2\/comments?post=95700"}],"version-history":[{"count":0,"href":"https:\/\/primicias2262.com\/noticias\/wp-json\/wp\/v2\/posts\/95700\/revisions"}],"wp:attachment":[{"href":"https:\/\/primicias2262.com\/noticias\/wp-json\/wp\/v2\/media?parent=95700"}],"wp:term":[{"taxonomy":"category","embeddable":true,"href":"https:\/\/primicias2262.com\/noticias\/wp-json\/wp\/v2\/categories?post=95700"},{"taxonomy":"post_tag","embeddable":true,"href":"https:\/\/primicias2262.com\/noticias\/wp-json\/wp\/v2\/tags?post=95700"}],"curies":[{"name":"wp","href":"https:\/\/api.w.org\/{rel}","templated":true}]}}