{"id":95703,"date":"2022-12-01T21:57:30","date_gmt":"2022-12-02T00:57:30","guid":{"rendered":"https:\/\/primicias2262.com\/?p=95703"},"modified":"2022-12-01T21:57:30","modified_gmt":"2022-12-02T00:57:30","slug":"el-puerto-de-quequen-celebra-este-viernes-su-centenario","status":"publish","type":"post","link":"https:\/\/primicias2262.com\/noticias\/el-puerto-de-quequen-celebra-este-viernes-su-centenario\/","title":{"rendered":"El puerto de Quequ\u00e9n celebra este viernes su centenario"},"content":{"rendered":"<p>Puerto Quequ\u00e9n fue inaugurado durante la jornada del domingo 10 de diciembre de 1922 en ocasi\u00f3n de la visita oficial realizada por el entonces presidente Marcelo T. de Alvear. De la misma participaron Eufrasio S. Loza -Ministro de Obras P\u00fablicas de la Naci\u00f3n-, el Intendente de Necochea Baldomero Sagaste y dirigentes de la regi\u00f3n.<\/p>\n<p>Las obras inauguradas por Alvear fueron realizadas durante el per\u00edodo comprendido por los a\u00f1os 1911-1922 por la empresa francesa Societe de Grands Travaux de Marseille e incluyeron la construcci\u00f3n de un muelle de Ultramar, un muelle de cabotaje, galpones y las escolleras este -Quequ\u00e9n- y oeste -Necochea- (hoy norte y sur, respectivamente) junto con el dragado a 24 pies de profundidad sobre el canal de acceso y el recinto portuario.<\/p>\n<p>Este viernes 2 de diciembre, el presidente del Consorcio de Gesti\u00f3n de Puerto Quequ\u00e9n, Jorge Alvaro, encabezar\u00e1 los actos conmemorativos de los 100 a\u00f1os de Puerto Quequ\u00e9n, el m\u00e1s profundo de Argentina.<\/p>\n<p>A las 12.30, con la presencia de los intendentes de la regi\u00f3n, concejales locales, funcionarios, toda la comunidad portuaria, organismos de control \u2013Prefectura, Aduana, SENASA y Sanidad de Fronteras-, concesionarios y permisionarios, agencias mar\u00edtimas, agencias de estiba, gremios portuarios, c\u00e1maras, representantes del sector agrario, instituciones civiles y educativas de Necochea y Quequ\u00e9n, se descubrir\u00e1 una placa.<\/p>\n<p>El acto protocolar ser\u00e1 orquestado por la banda de m\u00fasica del \u00c1rea Naval Atl\u00e1ntica.<br \/>\nSe entonar\u00e1n las estrofas del Himno Nacional Argentino y tras las palabras del anfitri\u00f3n, 13.30 comenzar\u00e1 el almuerzo, con un video institucional.<\/p>\n","protected":false},"excerpt":{"rendered":"<p>Puerto Quequ\u00e9n fue inaugurado durante la jornada del domingo 10 de diciembre de 1922 en ocasi\u00f3n de la visita oficial realizada por el entonces presidente Marcelo T. de Alvear. De la misma participaron Eufrasio S. Loza -Ministro de Obras P\u00fablicas de la Naci\u00f3n-, el Intendente de Necochea Baldomero Sagaste y dirigentes de la regi\u00f3n. Las [&hellip;]<\/p>\n","protected":false},"author":3,"featured_media":83084,"comment_status":"closed","ping_status":"closed","sticky":false,"template":"","format":"standard","meta":{"footnotes":""},"categories":[3],"tags":[],"class_list":["post-95703","post","type-post","status-publish","format-standard","has-post-thumbnail","category-masnoticias"],"_links":{"self":[{"href":"https:\/\/primicias2262.com\/noticias\/wp-json\/wp\/v2\/posts\/95703","targetHints":{"allow":["GET"]}}],"collection":[{"href":"https:\/\/primicias2262.com\/noticias\/wp-json\/wp\/v2\/posts"}],"about":[{"href":"https:\/\/primicias2262.com\/noticias\/wp-json\/wp\/v2\/types\/post"}],"author":[{"embeddable":true,"href":"https:\/\/primicias2262.com\/noticias\/wp-json\/wp\/v2\/users\/3"}],"replies":[{"embeddable":true,"href":"https:\/\/primicias2262.com\/noticias\/wp-json\/wp\/v2\/comments?post=95703"}],"version-history":[{"count":0,"href":"https:\/\/primicias2262.com\/noticias\/wp-json\/wp\/v2\/posts\/95703\/revisions"}],"wp:attachment":[{"href":"https:\/\/primicias2262.com\/noticias\/wp-json\/wp\/v2\/media?parent=95703"}],"wp:term":[{"taxonomy":"category","embeddable":true,"href":"https:\/\/primicias2262.com\/noticias\/wp-json\/wp\/v2\/categories?post=95703"},{"taxonomy":"post_tag","embeddable":true,"href":"https:\/\/primicias2262.com\/noticias\/wp-json\/wp\/v2\/tags?post=95703"}],"curies":[{"name":"wp","href":"https:\/\/api.w.org\/{rel}","templated":true}]}}