{"id":95705,"date":"2022-12-01T22:08:46","date_gmt":"2022-12-02T01:08:46","guid":{"rendered":"https:\/\/primicias2262.com\/?p=95705"},"modified":"2022-12-01T22:08:46","modified_gmt":"2022-12-02T01:08:46","slug":"agentes-municipales-se-capacitan-en-incendios-forestales-junto-a-bomberos","status":"publish","type":"post","link":"https:\/\/primicias2262.com\/noticias\/agentes-municipales-se-capacitan-en-incendios-forestales-junto-a-bomberos\/","title":{"rendered":"Agentes municipales se capacitan en incendios forestales junto a Bomberos"},"content":{"rendered":"<p>Con la capacitaci\u00f3n a cargo del cuartel de Bomberos de Necochea, se desarrollan esta semana en el Sal\u00f3n de Actos de la Municipalidad charlas sobre incendios forestales, de las cuales participan agentes municipales de Defensa Civil y Guardaparques y tambi\u00e9n voluntarios de la filial local de Cruz Roja Argentina.<\/p>\n<div class=\"wp-block-media-text alignwide is-stacked-on-mobile\">\n<div class=\"wp-block-media-text__content\">\n<p>Quien est\u00e1 al frente de las capacitaciones, el brigadista forestal \u00c1ngel Sauer, manifest\u00f3 este jueves que en estas charlas se ven las medidas de prevenci\u00f3n para estar atentos y alertas a lo que pueda venir durante el verano, \u201cy ya pensando en realizar el a\u00f1o que viene un curso de brigadista para Guardaparques y personal que interviene en el combate del incendio forestal\u201d, anticip\u00f3.<\/p>\n<p>Respecto a este siniestro en la ciudad, Sauer se\u00f1al\u00f3 que \u201chace m\u00e1s de tres a\u00f1os que no hay grandes incendios, o sea que el material combustible se viene acumulando y hay expectativas de un verano muy caluroso, as\u00ed que la idea es trabajar en conjunto con todas las instituciones de la ciudad porque ya estamos encima del verano y la idea es en estas charlas apuntar a la prevenci\u00f3n y recordar procedimientos de c\u00f3mo actuar cada uno desde su lugar\u201d.<\/p>\n<\/div>\n<\/div>\n<p>En tanto, los responsables de Defensa Civil, Augusto Fulton; y de Guardaparques, Juli\u00e1n Zugaz\u00faa, tambi\u00e9n expresaron su visi\u00f3n de este espacio de formaci\u00f3n. En primer t\u00e9rmino, Fulton destac\u00f3 que \u201cesta capacitaci\u00f3n sobre incendios forestales es brindada por el Cuartel de Bomberos de Necochea, dependiente del Ministerio de Seguridad de la Provincia de Buenos Aires, y articula con diferentes \u00e1reas del municipio y entidades intermedias. Se hizo este jueves y ma\u00f1ana se va a volver a repetir, ya que la idea era que en dos jornadas se pueda formar a diferentes agentes.<\/p>\n<p>Este a\u00f1o apuntamos m\u00e1s a lo te\u00f3rico y nos preparamos para el a\u00f1o que viene poder trabajar algo ya pr\u00e1ctico y entrar m\u00e1s en los detalles de lo que es esta materia\u201d.<\/p>\n<p>Seguidamente, Zugaz\u00faa resalt\u00f3 que \u201cla idea es unificar criterios y hablar el mismo lenguaje entre las distintas reparticiones como Defensa Civil, la Direcci\u00f3n de Guardaparques, el Cuartel de Bomberos, Cruz Roja y distintas instituciones que vamos a intervenir en las emergencias. La idea es que sepamos c\u00f3mo actuar y cu\u00e1les son los roles de cada uno ante la emergencia\u201d.<\/p>\n","protected":false},"excerpt":{"rendered":"<p>Con la capacitaci\u00f3n a cargo del cuartel de Bomberos de Necochea, se desarrollan esta semana en el Sal\u00f3n de Actos de la Municipalidad charlas sobre incendios forestales, de las cuales participan agentes municipales de Defensa Civil y Guardaparques y tambi\u00e9n voluntarios de la filial local de Cruz Roja Argentina. Quien est\u00e1 al frente de las [&hellip;]<\/p>\n","protected":false},"author":3,"featured_media":95706,"comment_status":"closed","ping_status":"closed","sticky":false,"template":"","format":"standard","meta":{"footnotes":""},"categories":[3],"tags":[],"class_list":["post-95705","post","type-post","status-publish","format-standard","has-post-thumbnail","category-masnoticias"],"_links":{"self":[{"href":"https:\/\/primicias2262.com\/noticias\/wp-json\/wp\/v2\/posts\/95705","targetHints":{"allow":["GET"]}}],"collection":[{"href":"https:\/\/primicias2262.com\/noticias\/wp-json\/wp\/v2\/posts"}],"about":[{"href":"https:\/\/primicias2262.com\/noticias\/wp-json\/wp\/v2\/types\/post"}],"author":[{"embeddable":true,"href":"https:\/\/primicias2262.com\/noticias\/wp-json\/wp\/v2\/users\/3"}],"replies":[{"embeddable":true,"href":"https:\/\/primicias2262.com\/noticias\/wp-json\/wp\/v2\/comments?post=95705"}],"version-history":[{"count":0,"href":"https:\/\/primicias2262.com\/noticias\/wp-json\/wp\/v2\/posts\/95705\/revisions"}],"wp:attachment":[{"href":"https:\/\/primicias2262.com\/noticias\/wp-json\/wp\/v2\/media?parent=95705"}],"wp:term":[{"taxonomy":"category","embeddable":true,"href":"https:\/\/primicias2262.com\/noticias\/wp-json\/wp\/v2\/categories?post=95705"},{"taxonomy":"post_tag","embeddable":true,"href":"https:\/\/primicias2262.com\/noticias\/wp-json\/wp\/v2\/tags?post=95705"}],"curies":[{"name":"wp","href":"https:\/\/api.w.org\/{rel}","templated":true}]}}