{"id":95708,"date":"2022-12-01T22:12:48","date_gmt":"2022-12-02T01:12:48","guid":{"rendered":"https:\/\/primicias2262.com\/?p=95708"},"modified":"2022-12-01T22:12:48","modified_gmt":"2022-12-02T01:12:48","slug":"atletas-u12-y-u14-viajan-a-tornquist-para-el-ultimo-encuentro-provincial-del-ano","status":"publish","type":"post","link":"https:\/\/primicias2262.com\/noticias\/atletas-u12-y-u14-viajan-a-tornquist-para-el-ultimo-encuentro-provincial-del-ano\/","title":{"rendered":"Atletas U12 y U14 viajan a Tornquist para el \u00faltimo encuentro Provincial del a\u00f1o"},"content":{"rendered":"<p>Con el sue\u00f1o de tener la pista de atletismo en el Polideportivo m\u00e1s latente que nunca en este 2022, la Escuela Municipal de Atletismo se apresta a completar un a\u00f1o de asistencia perfecta en las citas provinciales, ya que est\u00e9 s\u00e1bado viajar\u00e1 con una delegaci\u00f3n de alumnos U12 y U14 al Encuentro Provincial de Atletismo en la Pista Municipal de Tornquist, lo que ser\u00e1 el \u00faltimo torneo del a\u00f1o.<\/p>\n<p>La instituci\u00f3n necochense estar\u00e1 representada por una delegaci\u00f3n cuya mayor\u00eda de chicos y chicas representar\u00e1n por primera vez a la ciudad a nivel provincial, y por ello el coordinador de la escuela, Prof. Mauro Cabrera, recalc\u00f3 el compromiso asumido por la directora de Deportes, Guadalupe Hern\u00e1ndez, gracias a quien \u201cse puede ir a este \u00faltimo torneo y se logr\u00f3 ir a todos los torneos del a\u00f1o\u201d.<\/p>\n<p><strong>Los atletas de la Escuela Municipal que ir\u00e1n a Tornquist<\/strong><\/p>\n<p><strong>Categor\u00eda U12<\/strong><\/p>\n<ul>\n<li>Agust\u00edn Leyton en 50 y 1000 metros<\/li>\n<li>Esmeralda Kuhn 50 y 1000 metros<\/li>\n<li>Margarita Castellano 50 metros y salto en largo<\/li>\n<li>Pilar P\u00e9rez 50 metros y salto en largo<\/li>\n<li>India Sim\u00f3n 50 y 1000 metros<\/li>\n<li>Emma Razqu\u00edn 50 y 1000 metros<\/li>\n<\/ul>\n<p>&nbsp;<\/p>\n<p><strong>Categor\u00eda U14<\/strong><\/p>\n<ul>\n<li>Andr\u00e9s Herrera 80 metros c\/ vallas, salto en alto y 1200 metros llanos<\/li>\n<li>Ernestina S\u00e1nchez 80 metros, salto en largo y 1200 metros<\/li>\n<li>Francisco Bonauna 150 metros, salto en largo y 1200 metros<\/li>\n<li>Mat\u00edas Saucedo 80, 150 y 1200 metros<\/li>\n<li>Valentino Martorelli 150 metros, salto en largo y 1200 metros<\/li>\n<li>Zion Tuli\u00e1n 150 metros, salto en largo y 1200 metros<\/li>\n<\/ul>\n<p>&nbsp;<\/p>\n<p>Pero m\u00e1s all\u00e1 de esta \u00faltima cita, Cabrera subray\u00f3 casi a modo de balance anual \u201cla felicidad de poder participar en estos torneos por m\u00e1s de diez a\u00f1os de forma sostenida y este a\u00f1o intensificarlo con el acompa\u00f1amiento de Guadalupe, y la posibilidad de que todos los nenes, j\u00f3venes y adolescentes participen en los torneos de iniciaci\u00f3n, en los promocionales y puedan tener la posibilidad de federarse y participar en los campeonatos provinciales organizados por la Federaci\u00f3n Atl\u00e9tica de la Provincia de Buenos Aires, en los cuales tuvimos presencia en todos, y no es un dato menor, y tambi\u00e9n en todos los campeonatos nacionales de pista y campo organizados por la Confederaci\u00f3n Argentina de Atletismo\u201d.<\/p>\n<p>Por su parte, la directora Guadalupe Hern\u00e1ndez remarc\u00f3 que \u00abel 2022 ha sido un gran a\u00f1o para la Escuela Municipal de Atletismo, que siempre mantuvo un n\u00famero importante de alumnos, desde los m\u00e1s peque\u00f1os hasta los que compiten a nivel provincial, realizaron muchos viajes a distintos lugares de la Provincia de Buenos Aires y tambi\u00e9n participaron en Campeonatos nacionales, por lo que el balance es sumamente positivo\u00bb, tras lo cual se\u00f1al\u00f3 que \u00ablos chicos tendr\u00e1n un breve receso en diciembre y a principios de enero ya comienzan con la pretemporada y actividades en el Parque, y a su vez enfocados en poder utilizar el a\u00f1o que viene las instalaciones de la pista, que ya estar\u00e1 concretada y finalizada la obra, as\u00ed que estamos con mucho entusiasmo por eso\u00bb.<\/p>\n","protected":false},"excerpt":{"rendered":"<p>Con el sue\u00f1o de tener la pista de atletismo en el Polideportivo m\u00e1s latente que nunca en este 2022, la Escuela Municipal de Atletismo se apresta a completar un a\u00f1o de asistencia perfecta en las citas provinciales, ya que est\u00e9 s\u00e1bado viajar\u00e1 con una delegaci\u00f3n de alumnos U12 y U14 al Encuentro Provincial de Atletismo [&hellip;]<\/p>\n","protected":false},"author":3,"featured_media":95709,"comment_status":"closed","ping_status":"closed","sticky":false,"template":"","format":"standard","meta":{"footnotes":""},"categories":[3],"tags":[],"class_list":["post-95708","post","type-post","status-publish","format-standard","has-post-thumbnail","category-masnoticias"],"_links":{"self":[{"href":"https:\/\/primicias2262.com\/noticias\/wp-json\/wp\/v2\/posts\/95708","targetHints":{"allow":["GET"]}}],"collection":[{"href":"https:\/\/primicias2262.com\/noticias\/wp-json\/wp\/v2\/posts"}],"about":[{"href":"https:\/\/primicias2262.com\/noticias\/wp-json\/wp\/v2\/types\/post"}],"author":[{"embeddable":true,"href":"https:\/\/primicias2262.com\/noticias\/wp-json\/wp\/v2\/users\/3"}],"replies":[{"embeddable":true,"href":"https:\/\/primicias2262.com\/noticias\/wp-json\/wp\/v2\/comments?post=95708"}],"version-history":[{"count":0,"href":"https:\/\/primicias2262.com\/noticias\/wp-json\/wp\/v2\/posts\/95708\/revisions"}],"wp:attachment":[{"href":"https:\/\/primicias2262.com\/noticias\/wp-json\/wp\/v2\/media?parent=95708"}],"wp:term":[{"taxonomy":"category","embeddable":true,"href":"https:\/\/primicias2262.com\/noticias\/wp-json\/wp\/v2\/categories?post=95708"},{"taxonomy":"post_tag","embeddable":true,"href":"https:\/\/primicias2262.com\/noticias\/wp-json\/wp\/v2\/tags?post=95708"}],"curies":[{"name":"wp","href":"https:\/\/api.w.org\/{rel}","templated":true}]}}