{"id":95724,"date":"2022-12-02T14:23:00","date_gmt":"2022-12-02T17:23:00","guid":{"rendered":"https:\/\/primicias2262.com\/?p=95724"},"modified":"2022-12-02T14:23:00","modified_gmt":"2022-12-02T17:23:00","slug":"se-inauguro-el-espacio-de-memoria-que-homenajea-a-victimas-de-femicidio","status":"publish","type":"post","link":"https:\/\/primicias2262.com\/noticias\/se-inauguro-el-espacio-de-memoria-que-homenajea-a-victimas-de-femicidio\/","title":{"rendered":"Se inaugur\u00f3 el \u201cEspacio de Memoria\u201d que homenajea a v\u00edctimas de femicidio"},"content":{"rendered":"<p>Con hondo pesar y sentimiento, El Ejecutivo, en cabeza de su intendente Arturo Rojas, inaugur\u00f3 en la Plaza Dardo Rocha, a metros del Paseo de la Memoria, el \u201cEspacio de Memoria\u201d, obra dedicada a la reflexi\u00f3n y denominada \u201cLas Mariposas\u201d, que le rinde homenaje a las mujeres v\u00edctimas de femicidio de nuestra ciudad.<\/p>\n<p>Durante el sensible acto, que tuvo la presencia de familiares que atravesaron por esta traum\u00e1tica situaci\u00f3n, y que tuvo siempre de fondo una tenue m\u00fasica reparadora a tanto dolor, el jefe comunal se\u00f1al\u00f3 que \u201cprimero le quiero agradecer a la y los artistas que hicieron esta obra y que se acercaron al municipio para reflotar este proyecto que fue una propuesta, en su momento, de la asociaci\u00f3n civil Ant\u00edgona\u201d.<\/p>\n<p>\u201cM\u00e1s all\u00e1 de los bello de la obra, si no tuviera los sentimientos que simboliza quedar\u00eda simplemente en eso, en un lugar muy lindo\u201d aclar\u00f3 el jefe comunal, para a\u00f1adir que \u201ces un espacio construido desde el respeto hacia las v\u00edctimas y familiares, un espacio en definitiva de amor y que nos convoca a todos los sectores\u201d.<\/p>\n<p>Luego, destac\u00f3 que \u201cdesde las diferentes \u00e1reas venimos trabajando con un presupuesto al que se le va asignando recursos, con una perspectiva de g\u00e9nero en cada una de ellas, y en ese aspecto hemos fortalecido en la medida de lo posible trabajar con m\u00e1s profesionales que vayan abordando todo tipo de violencia, con propuestas y proyectos concretos\u201d.<\/p>\n","protected":false},"excerpt":{"rendered":"<p>Con hondo pesar y sentimiento, El Ejecutivo, en cabeza de su intendente Arturo Rojas, inaugur\u00f3 en la Plaza Dardo Rocha, a metros del Paseo de la Memoria, el \u201cEspacio de Memoria\u201d, obra dedicada a la reflexi\u00f3n y denominada \u201cLas Mariposas\u201d, que le rinde homenaje a las mujeres v\u00edctimas de femicidio de nuestra ciudad. Durante el [&hellip;]<\/p>\n","protected":false},"author":3,"featured_media":95725,"comment_status":"closed","ping_status":"closed","sticky":false,"template":"","format":"standard","meta":{"footnotes":""},"categories":[3],"tags":[],"class_list":["post-95724","post","type-post","status-publish","format-standard","has-post-thumbnail","category-masnoticias"],"_links":{"self":[{"href":"https:\/\/primicias2262.com\/noticias\/wp-json\/wp\/v2\/posts\/95724","targetHints":{"allow":["GET"]}}],"collection":[{"href":"https:\/\/primicias2262.com\/noticias\/wp-json\/wp\/v2\/posts"}],"about":[{"href":"https:\/\/primicias2262.com\/noticias\/wp-json\/wp\/v2\/types\/post"}],"author":[{"embeddable":true,"href":"https:\/\/primicias2262.com\/noticias\/wp-json\/wp\/v2\/users\/3"}],"replies":[{"embeddable":true,"href":"https:\/\/primicias2262.com\/noticias\/wp-json\/wp\/v2\/comments?post=95724"}],"version-history":[{"count":0,"href":"https:\/\/primicias2262.com\/noticias\/wp-json\/wp\/v2\/posts\/95724\/revisions"}],"wp:attachment":[{"href":"https:\/\/primicias2262.com\/noticias\/wp-json\/wp\/v2\/media?parent=95724"}],"wp:term":[{"taxonomy":"category","embeddable":true,"href":"https:\/\/primicias2262.com\/noticias\/wp-json\/wp\/v2\/categories?post=95724"},{"taxonomy":"post_tag","embeddable":true,"href":"https:\/\/primicias2262.com\/noticias\/wp-json\/wp\/v2\/tags?post=95724"}],"curies":[{"name":"wp","href":"https:\/\/api.w.org\/{rel}","templated":true}]}}