{"id":95727,"date":"2022-12-02T14:27:12","date_gmt":"2022-12-02T17:27:12","guid":{"rendered":"https:\/\/primicias2262.com\/?p=95727"},"modified":"2022-12-02T14:27:12","modified_gmt":"2022-12-02T17:27:12","slug":"bertole-conto-como-se-prepara-la-jefatura-de-playa-para-la-inminente-temporada","status":"publish","type":"post","link":"https:\/\/primicias2262.com\/noticias\/bertole-conto-como-se-prepara-la-jefatura-de-playa-para-la-inminente-temporada\/","title":{"rendered":"B\u00e9rtole cont\u00f3 c\u00f3mo se prepara la Jefatura de Playa para la inminente temporada"},"content":{"rendered":"<p>Jorge B\u00e9rtole, a cargo de la Jefatura de Playa en Necochea y Quequ\u00e9n de cara a la temporada estival, cont\u00f3 detalles v\u00eda telef\u00f3nica en \u201cVoces de la Ciudad\u201d de c\u00f3mo vienen trabajando desde el \u00e1rea en la costa. Lo hizo durante una nota realizada por el periodista Jorge G\u00f3mez.<\/p>\n<p>\u201cEstamos trabajando desde el mes de octubre, que empezamos con el tema de la playa a conseguir elementos, preparar los refugios de guardavidas, trajimos tres contenedores como refugios de guardavidas, y lo que es la playa en s\u00ed\u201d, expres\u00f3 al inicio B\u00e9rtole.<\/p>\n<p>Luego a\u00f1adi\u00f3 que \u201ceste jueves 1\u00ba de diciembre arrancaron los inspectores de playa, que controlan que no se juegue a la pelota, que no se arroje basura, que la gente no vaya con animales a la arena; y adem\u00e1s se est\u00e1 se\u00f1alizando tanto bajadas como separaciones con carteles donde no se puede andar en veh\u00edculo\u201d.<\/p>\n<p><a href=\"https:\/\/primicias2262.com\/wp-content\/uploads\/2022\/12\/WhatsApp-Image-2022-12-01-at-9.18.24-PM.jpeg\"><img loading=\"lazy\" decoding=\"async\" class=\"aligncenter size-large wp-image-95728\" src=\"https:\/\/primicias2262.com\/wp-content\/uploads\/2022\/12\/WhatsApp-Image-2022-12-01-at-9.18.24-PM-1024x768.jpeg\" alt=\"\" width=\"696\" height=\"522\" \/><\/a><\/p>\n<p>Asimismo, inform\u00f3 que \u201ccolocamos la repetidora para comunicaci\u00f3n de guardavidas en un edificio as\u00ed que tenemos buena cobertura. Tenemos tres camionetas y un cuatriciclo para el inspector de playa dentro de la zona de balnearios, y fuera de la misma se ocupa Tr\u00e1nsito\u201d.<\/p>\n<p>Adem\u00e1s, B\u00e9rtole record\u00f3 en materia de bajada y subida de veh\u00edculos a la arena que \u201cla bajada a la playa es en la prolongaci\u00f3n de la Av. 2 hacia la 73, donde ten\u00e9s subida y bajada, por la escollera se va a cerrar porque se congestiona, pero adem\u00e1s hay bajada en el Kabryl y pasando el Muelle est\u00e1 la subida; y despu\u00e9s la bajada en 155, que va hasta 187 a la altura de los campings\u201d.<\/p>\n<p>Finalmente, quien tambi\u00e9n est\u00e1 a cargo del \u00e1rea de Se\u00f1alizaci\u00f3n sostuvo que \u201cse sigue monitoreando ese tema y el de semaforizaci\u00f3n con personal municipal a mi cargo, estamos preparando toda la Av. 2, las pantallas y carteler\u00eda est\u00e1 toda lista y guardada, solo es salir y colocarla en un par de d\u00edas, mientras tanto se retocan los ca\u00f1os con pintura y los estacionamientos de motos y para discapacitados\u201d.<\/p>\n","protected":false},"excerpt":{"rendered":"<p>Jorge B\u00e9rtole, a cargo de la Jefatura de Playa en Necochea y Quequ\u00e9n de cara a la temporada estival, cont\u00f3 detalles v\u00eda telef\u00f3nica en \u201cVoces de la Ciudad\u201d de c\u00f3mo vienen trabajando desde el \u00e1rea en la costa. Lo hizo durante una nota realizada por el periodista Jorge G\u00f3mez. \u201cEstamos trabajando desde el mes de [&hellip;]<\/p>\n","protected":false},"author":3,"featured_media":95729,"comment_status":"closed","ping_status":"closed","sticky":false,"template":"","format":"standard","meta":{"footnotes":""},"categories":[3],"tags":[],"class_list":["post-95727","post","type-post","status-publish","format-standard","has-post-thumbnail","category-masnoticias"],"_links":{"self":[{"href":"https:\/\/primicias2262.com\/noticias\/wp-json\/wp\/v2\/posts\/95727","targetHints":{"allow":["GET"]}}],"collection":[{"href":"https:\/\/primicias2262.com\/noticias\/wp-json\/wp\/v2\/posts"}],"about":[{"href":"https:\/\/primicias2262.com\/noticias\/wp-json\/wp\/v2\/types\/post"}],"author":[{"embeddable":true,"href":"https:\/\/primicias2262.com\/noticias\/wp-json\/wp\/v2\/users\/3"}],"replies":[{"embeddable":true,"href":"https:\/\/primicias2262.com\/noticias\/wp-json\/wp\/v2\/comments?post=95727"}],"version-history":[{"count":0,"href":"https:\/\/primicias2262.com\/noticias\/wp-json\/wp\/v2\/posts\/95727\/revisions"}],"wp:attachment":[{"href":"https:\/\/primicias2262.com\/noticias\/wp-json\/wp\/v2\/media?parent=95727"}],"wp:term":[{"taxonomy":"category","embeddable":true,"href":"https:\/\/primicias2262.com\/noticias\/wp-json\/wp\/v2\/categories?post=95727"},{"taxonomy":"post_tag","embeddable":true,"href":"https:\/\/primicias2262.com\/noticias\/wp-json\/wp\/v2\/tags?post=95727"}],"curies":[{"name":"wp","href":"https:\/\/api.w.org\/{rel}","templated":true}]}}