{"id":95739,"date":"2022-12-03T13:51:00","date_gmt":"2022-12-03T16:51:00","guid":{"rendered":"https:\/\/primicias2262.com\/?p=95739"},"modified":"2022-12-03T13:51:00","modified_gmt":"2022-12-03T16:51:00","slug":"a-partir-de-este-lunes-5-la-vacunacion-covid-se-realizara-en-los-caps-fomento-y-sudoeste","status":"publish","type":"post","link":"https:\/\/primicias2262.com\/noticias\/a-partir-de-este-lunes-5-la-vacunacion-covid-se-realizara-en-los-caps-fomento-y-sudoeste\/","title":{"rendered":"A partir de este lunes 5 la vacunaci\u00f3n Covid se realizar\u00e1 en los CAPS Fomento y Sudoeste"},"content":{"rendered":"<p><strong>Tanto en el centro de Salud de Quequ\u00e9n como en el de Barrio Capuchinos los vecinos podr\u00e1n asistir sin turno previo, entre las 8 y las 14 hs.<\/strong><\/p>\n<p>Desde la Direcci\u00f3n de Atenci\u00f3n Primaria municipal, dependiente de la Secretar\u00eda de Salud, se informa que a partir de este lunes 5 de diciembre la vacunaci\u00f3n Covid ser\u00e1 espec\u00edficamente en dos CAPS:\u00a0<strong>Fomento de Quequ\u00e9n, en 519 N\u00ba 2267<\/strong>; y\u00a0<strong>Sudoeste de Necochea, en la esquina de 58 y 81.<\/strong><\/p>\n<p>Para tal fin, los vecinos podr\u00e1n asistir sin turno previo entre las 8 y las 14 hs. De esta manera, la vacunaci\u00f3n Covid se descentralizar\u00e1 del Hospital Modular de la ciudad, como ven\u00eda funcionando previamente.<\/p>\n<p>Atento al crecimiento de casos de Covid a nivel nacional en las \u00faltimas semanas, desde Atenci\u00f3n Primaria, a cargo de Carina Mazeris, se apunta a la prevenci\u00f3n teniendo en cuenta el flujo de turistas que pronto llegar\u00e1n para la temporada de verano en la ciudad.<\/p>\n","protected":false},"excerpt":{"rendered":"<p>Tanto en el centro de Salud de Quequ\u00e9n como en el de Barrio Capuchinos los vecinos podr\u00e1n asistir sin turno previo, entre las 8 y las 14 hs. Desde la Direcci\u00f3n de Atenci\u00f3n Primaria municipal, dependiente de la Secretar\u00eda de Salud, se informa que a partir de este lunes 5 de diciembre la vacunaci\u00f3n Covid [&hellip;]<\/p>\n","protected":false},"author":3,"featured_media":95740,"comment_status":"closed","ping_status":"closed","sticky":false,"template":"","format":"standard","meta":{"footnotes":""},"categories":[3],"tags":[],"class_list":["post-95739","post","type-post","status-publish","format-standard","has-post-thumbnail","category-masnoticias"],"_links":{"self":[{"href":"https:\/\/primicias2262.com\/noticias\/wp-json\/wp\/v2\/posts\/95739","targetHints":{"allow":["GET"]}}],"collection":[{"href":"https:\/\/primicias2262.com\/noticias\/wp-json\/wp\/v2\/posts"}],"about":[{"href":"https:\/\/primicias2262.com\/noticias\/wp-json\/wp\/v2\/types\/post"}],"author":[{"embeddable":true,"href":"https:\/\/primicias2262.com\/noticias\/wp-json\/wp\/v2\/users\/3"}],"replies":[{"embeddable":true,"href":"https:\/\/primicias2262.com\/noticias\/wp-json\/wp\/v2\/comments?post=95739"}],"version-history":[{"count":0,"href":"https:\/\/primicias2262.com\/noticias\/wp-json\/wp\/v2\/posts\/95739\/revisions"}],"wp:attachment":[{"href":"https:\/\/primicias2262.com\/noticias\/wp-json\/wp\/v2\/media?parent=95739"}],"wp:term":[{"taxonomy":"category","embeddable":true,"href":"https:\/\/primicias2262.com\/noticias\/wp-json\/wp\/v2\/categories?post=95739"},{"taxonomy":"post_tag","embeddable":true,"href":"https:\/\/primicias2262.com\/noticias\/wp-json\/wp\/v2\/tags?post=95739"}],"curies":[{"name":"wp","href":"https:\/\/api.w.org\/{rel}","templated":true}]}}